{"id":243072,"date":"2026-01-15T13:31:03","date_gmt":"2026-01-15T16:31:03","guid":{"rendered":"https:\/\/corrientesdetarde.com\/?p=243072"},"modified":"2026-01-15T13:31:15","modified_gmt":"2026-01-15T16:31:15","slug":"lourdes-sanchez-con-los-hijos-de-los-barrios-no-llegamos-a-un-acuerdo-economico","status":"publish","type":"post","link":"https:\/\/corrientesdetarde.com\/index.php\/eventos\/lourdes-sanchez-con-los-hijos-de-los-barrios-no-llegamos-a-un-acuerdo-economico\/","title":{"rendered":"Lourdes S\u00e1nchez: &#8220;Con Los Hijos de los Barrios no llegamos a un acuerdo econ\u00f3mico&#8221;"},"content":{"rendered":"\n<p>Siempre que se dan a conocer las grillas en la Fiesta Nacional del Chamam\u00e9 pareciera que no se puede conformar a todo el mundo y siempre quedan algunas &#8220;esquirlas&#8221; saltando luego de la confirmaci\u00f3n de quienes estar\u00e1n en el escenario mayor de nuestra m\u00fasica, el Osvaldo Sosa Cordero.<\/p>\n\n\n\n<p>La organizaci\u00f3n de la 35\u00aa Fiesta Nacional del Chamam\u00e9 no est\u00e1 exenta de tensiones y varios comentarios se dieron a trav\u00e9s de las redes sociales. Desde la organizaci\u00f3n y el \u00e1rea de Cultura remarcaron que en un contexto nacional y provincial complejo desde lo financiero, la conformaci\u00f3n de la grilla de artistas gener\u00f3 debates y malestares en el ambiente chamamecero desde el mismo momento de ser presentada en las redes.<\/p>\n\n\n\n<p>En di\u00e1logo con la prensa en la presentaci\u00f3n de la Bailanta Chamamecera de Riachuelo ayer en Casa de Gobierno, la presidente del Instituto de Cultura, Lourdes S\u00e1nchez, enfrent\u00f3 las cr\u00edticas y explic\u00f3 los criterios de selecci\u00f3n para esta edici\u00f3n a la vez que detall\u00f3 c\u00f3mo fue realizar esta grilla y si pudo percibir quejas de los artistas.<\/p>\n\n\n\n<p>&#8220;Es muy dif\u00edcil conformar a todo el mundo. Trabajamos para que la mayor\u00eda quede contento, pero no hay que perder el foco: esta es una fiesta para el correntino, para el turista y para el p\u00fablico&#8221;, afirm\u00f3 la funcionaria.<\/p>\n\n\n\n<p>S\u00e1nchez, quien tambi\u00e9n se identific\u00f3 con el sector desde su lugar de artista, reconoci\u00f3 el peso que tiene el escenario Osvaldo Sosa Cordero: &#8220;Entiendo el enojo de quienes quedaron fuera porque s\u00e9 que ese escenario es una gran vidriera. Lamentablemente, la situaci\u00f3n financiera hizo que no pudi\u00e9ramos negociar con algunos. Muchos empatizaron con la situaci\u00f3n y son los que hoy integran la grilla&#8221;, resalt\u00f3.<\/p>\n\n\n\n<p>&nbsp; &nbsp;&nbsp;<br>Entre ausencias y acuerdos de \u00faltimo momento<br>Uno de los puntos m\u00e1s sensibles fue la ausencia de Los Hijos de los Barrios, un grupo con fuerte arraigo popular entre la gente chamamecera y fue una gran sorpresa no verlos en la grilla para la Fiesta Grande. S\u00e1nchez fue tajante: &#8220;Me duele mucho que no est\u00e9n porque son un grupo muy fuerte, pero no est\u00e1n porque no llegamos a un acuerdo econ\u00f3mico, simplemente por eso, ya que estamos acotados a un presupuesto que tenemos que respetar&#8221;.<\/p>\n\n\n\n<p>Por otro lado, confirm\u00f3 la presencia de Gicela M\u00e9ndez Ribeiro tras un acuerdo alcanzado recientemente y desestim\u00f3 cualquier malestar por los anuncios anticipados en redes sociales: &#8220;No me enojo por esas cosas, cada uno usa su estrategia. La grilla hoy est\u00e1 cerrada, aunque siempre puede haber alg\u00fan ajuste menor. Nosotros estamos acotados a un presupuesto, lo tenemos que respetar, y hoy la grilla es lo que se mostr\u00f3. Se puede agregar alg\u00fan grupo, pero es lo que se mostr\u00f3 en redes&#8221;, asever\u00f3 S\u00e1nchez.<\/p>\n\n\n\n<p>&nbsp; &nbsp;&nbsp;<br>Asimismo, descart\u00f3 la creaci\u00f3n de nuevos cert\u00e1menes aunque confirm\u00f3 que habr\u00e1 reconocimientos especiales durante las lunas chamameceras.<\/p>\n\n\n\n<p>Por este entonces, la capital correntina se transform\u00f3 en un clima es de debate. La conformaci\u00f3n de la grilla de la Fiesta Nacional del Chamam\u00e9 sigue despertando quejas entre algunos sectores. La gesti\u00f3n entrante de la presidente del Instituto de Cultura, Lourdes S\u00e1nchez, estar\u00e1 bajo la lupa ya que se trata de la &#8220;Fiesta Grande&#8221; de los correntinos, la fiesta m\u00e1s importante tanto musical como culturalmente, pero financieramente, la situaci\u00f3n del pa\u00eds y la provincia los oblig\u00f3 a ser muy cuidadosos.<\/p>\n\n\n\n<p>Riachuelo present\u00f3 su tradicional Bailanta<br>&nbsp; &nbsp;&nbsp;<br>A d\u00edas del inicio de la 35\u00aa Fiesta Nacional del Chamam\u00e9, se llev\u00f3 adelante ayer en el Sal\u00f3n Verde de Casa de Gobierno el lanzamiento oficial de la 18\u00aa Bailanta Chamamecera a realizarse el s\u00e1bado 24 y domingo 25 de enero en el camping Puente Pexoa de Riachuelo. La entrada ser\u00e1 libre y gratuita y contar\u00e1 con m\u00e1s de 14 artistas por noche.<\/p>\n\n\n\n<p>El acto estuvo encabezado por el vicegobernador de la provincia, Pedro Braillard Poccard, con la presencia de la titular del Instituto de Cultura, Lourdes S\u00e1nchez, el intendente de Riachuelo Nicol\u00e1s Tejo y dem\u00e1s funcionarios.<\/p>\n\n\n\n<p>Braillard Poccard resalt\u00f3 la importancia de llevar el chamam\u00e9 a todos los rincones del territorio correntino fortaleciendo su car\u00e1cter popular, cultural y federal.<\/p>\n\n\n\n<p>En ese sentido, record\u00f3 que la Fiesta Nacional del Chamam\u00e9 representa &#8220;un regalo que Corrientes le hace a la Argentina y al mundo&#8221;, ya que en \u00e9l se vuelca &#8220;lo mejor de nuestro esp\u00edritu, de nuestra cultura y de nuestra alegr\u00eda&#8221;.<\/p>\n\n\n\n<p>Al dirigirse a los presentes, la presidente del Instituto de Cultura de Corrientes, Lourdes S\u00e1nchez, remarc\u00f3 la importancia de esta propuesta como parte de las actividades que integran la Fiesta Nacional del Chamam\u00e9.<\/p>\n\n\n\n<p>&#8220;Es una actividad que forma parte de todo lo que venimos haciendo en el marco de la Fiesta Nacional del Chamam\u00e9. Es una de las bailantas que van a estar sucediendo en la ciudad y esta, en el Puente Pexoa, ya es un cl\u00e1sico&#8221;, expres\u00f3 S\u00e1nchez, quien adem\u00e1s valor\u00f3 el trabajo articulado con los organizadores locales. &#8220;Es un placer cuando se trabaja as\u00ed, con tanta predisposici\u00f3n y ganas para sumar a nuestra fiesta&#8221;, se\u00f1al\u00f3.<\/p>\n\n\n\n<p>&#8220;Hay p\u00fablico para todo, hay mucho p\u00fablico chamamecero. Nosotros lo que queremos es sumar y que existan muchas bailantas. Ojal\u00e1 desde el Instituto podamos ayudar a distintos municipios para que se puedan realizar&#8221;, afirm\u00f3.<\/p>\n","protected":false},"excerpt":{"rendered":"<p>Siempre que se dan a conocer las grillas en la Fiesta Nacional del Chamam\u00e9 pareciera que no se puede conformar a todo el mundo y siempre quedan algunas &#8220;esquirlas&#8221; saltando&hellip; <\/p>\n","protected":false},"author":1,"featured_media":243074,"comment_status":"closed","ping_status":"open","sticky":false,"template":"","format":"standard","meta":{"footnotes":""},"categories":[22],"tags":[],"class_list":["post-243072","post","type-post","status-publish","format-standard","has-post-thumbnail","hentry","category-eventos"],"_links":{"self":[{"href":"https:\/\/corrientesdetarde.com\/index.php\/wp-json\/wp\/v2\/posts\/243072","targetHints":{"allow":["GET"]}}],"collection":[{"href":"https:\/\/corrientesdetarde.com\/index.php\/wp-json\/wp\/v2\/posts"}],"about":[{"href":"https:\/\/corrientesdetarde.com\/index.php\/wp-json\/wp\/v2\/types\/post"}],"author":[{"embeddable":true,"href":"https:\/\/corrientesdetarde.com\/index.php\/wp-json\/wp\/v2\/users\/1"}],"replies":[{"embeddable":true,"href":"https:\/\/corrientesdetarde.com\/index.php\/wp-json\/wp\/v2\/comments?post=243072"}],"version-history":[{"count":1,"href":"https:\/\/corrientesdetarde.com\/index.php\/wp-json\/wp\/v2\/posts\/243072\/revisions"}],"predecessor-version":[{"id":243075,"href":"https:\/\/corrientesdetarde.com\/index.php\/wp-json\/wp\/v2\/posts\/243072\/revisions\/243075"}],"wp:featuredmedia":[{"embeddable":true,"href":"https:\/\/corrientesdetarde.com\/index.php\/wp-json\/wp\/v2\/media\/243074"}],"wp:attachment":[{"href":"https:\/\/corrientesdetarde.com\/index.php\/wp-json\/wp\/v2\/media?parent=243072"}],"wp:term":[{"taxonomy":"category","embeddable":true,"href":"https:\/\/corrientesdetarde.com\/index.php\/wp-json\/wp\/v2\/categories?post=243072"},{"taxonomy":"post_tag","embeddable":true,"href":"https:\/\/corrientesdetarde.com\/index.php\/wp-json\/wp\/v2\/tags?post=243072"}],"curies":[{"name":"wp","href":"https:\/\/api.w.org\/{rel}","templated":true}]}}