{"id":243087,"date":"2026-01-15T17:30:00","date_gmt":"2026-01-15T20:30:00","guid":{"rendered":"https:\/\/corrientesdetarde.com\/?p=243087"},"modified":"2026-01-15T17:42:32","modified_gmt":"2026-01-15T20:42:32","slug":"un-hombre-con-pedido-de-captura-fue-detenido-con-cocaina","status":"publish","type":"post","link":"https:\/\/corrientesdetarde.com\/index.php\/policiales\/un-hombre-con-pedido-de-captura-fue-detenido-con-cocaina\/","title":{"rendered":"Un hombre con pedido de captura fue detenido con coca\u00edna."},"content":{"rendered":"\n<h2 class=\"wp-block-heading\">Fue interceptado tras una persecuci\u00f3n policial y circulaba en una moto con pedido de secuestro.<\/h2>\n\n\n\n<p>Efectivos de la Comisar\u00eda 14\u00aa Urbana aprehendieron a un hombre mayor de edad que registraba pedido de captura activo, circulaba en una motocicleta con pedido de secuestro y llevaba en su poder 52 &#8220;bochitas&#8221; de coca\u00edna, durante un operativo de prevenci\u00f3n en la ciudad de Corrientes.<\/p>\n\n\n\n<p>El procedimiento se concret\u00f3 el 14 de enero, cerca de las 14.30, cuando los uniformados realizaban recorridas preventivas y detectaron a un individuo a bordo de una motocicleta Honda Wave 110 cc. Al intentar identificarlo, el sujeto se dio a la fuga, inici\u00e1ndose una persecuci\u00f3n controlada.<\/p>\n\n\n\n<p>Tras abandonar el rodado y huir a pie, fue finalmente interceptado en inmediaciones de avenida Maip\u00fa y calle Arist\u00f3bulo. Al verificar sus antecedentes, se constat\u00f3 que pose\u00eda un pedido de captura vigente por una causa judicial, mientras que la motocicleta ten\u00eda pedido de secuestro solicitado por la Comisar\u00eda Octava Capital.<\/p>\n\n\n\n<p>Durante la persecuci\u00f3n, el hombre tambi\u00e9n habr\u00eda descartado una ri\u00f1onera, que fue recuperada por los efectivos. En su interior se hallaron un tel\u00e9fono celular Samsung y 52 envoltorios con una sustancia blanquecina. Personal de la Direcci\u00f3n General de Drogas Peligrosas y Crimen Organizado realiz\u00f3 el test correspondiente, que dio positivo para coca\u00edna.<\/p>\n\n\n\n<p>El aprehendido y todos los elementos secuestrados quedaron a disposici\u00f3n de la Justicia y fueron trasladados a la dependencia policial, donde se continuaron con los tr\u00e1mites de rigor.<\/p>\n","protected":false},"excerpt":{"rendered":"<p>Fue interceptado tras una persecuci\u00f3n policial y circulaba en una moto con pedido de secuestro. Efectivos de la Comisar\u00eda 14\u00aa Urbana aprehendieron a un hombre mayor de edad que registraba&hellip; <\/p>\n","protected":false},"author":6,"featured_media":243089,"comment_status":"closed","ping_status":"open","sticky":false,"template":"","format":"standard","meta":{"footnotes":""},"categories":[33],"tags":[],"class_list":["post-243087","post","type-post","status-publish","format-standard","has-post-thumbnail","hentry","category-policiales"],"_links":{"self":[{"href":"https:\/\/corrientesdetarde.com\/index.php\/wp-json\/wp\/v2\/posts\/243087","targetHints":{"allow":["GET"]}}],"collection":[{"href":"https:\/\/corrientesdetarde.com\/index.php\/wp-json\/wp\/v2\/posts"}],"about":[{"href":"https:\/\/corrientesdetarde.com\/index.php\/wp-json\/wp\/v2\/types\/post"}],"author":[{"embeddable":true,"href":"https:\/\/corrientesdetarde.com\/index.php\/wp-json\/wp\/v2\/users\/6"}],"replies":[{"embeddable":true,"href":"https:\/\/corrientesdetarde.com\/index.php\/wp-json\/wp\/v2\/comments?post=243087"}],"version-history":[{"count":1,"href":"https:\/\/corrientesdetarde.com\/index.php\/wp-json\/wp\/v2\/posts\/243087\/revisions"}],"predecessor-version":[{"id":243090,"href":"https:\/\/corrientesdetarde.com\/index.php\/wp-json\/wp\/v2\/posts\/243087\/revisions\/243090"}],"wp:featuredmedia":[{"embeddable":true,"href":"https:\/\/corrientesdetarde.com\/index.php\/wp-json\/wp\/v2\/media\/243089"}],"wp:attachment":[{"href":"https:\/\/corrientesdetarde.com\/index.php\/wp-json\/wp\/v2\/media?parent=243087"}],"wp:term":[{"taxonomy":"category","embeddable":true,"href":"https:\/\/corrientesdetarde.com\/index.php\/wp-json\/wp\/v2\/categories?post=243087"},{"taxonomy":"post_tag","embeddable":true,"href":"https:\/\/corrientesdetarde.com\/index.php\/wp-json\/wp\/v2\/tags?post=243087"}],"curies":[{"name":"wp","href":"https:\/\/api.w.org\/{rel}","templated":true}]}}