{"id":243097,"date":"2026-01-15T18:00:00","date_gmt":"2026-01-15T21:00:00","guid":{"rendered":"https:\/\/corrientesdetarde.com\/?p=243097"},"modified":"2026-01-15T18:20:33","modified_gmt":"2026-01-15T21:20:33","slug":"un-auto-cayo-de-un-montacargas-y-dos-personas-resultaron-heridas","status":"publish","type":"post","link":"https:\/\/corrientesdetarde.com\/index.php\/policiales\/un-auto-cayo-de-un-montacargas-y-dos-personas-resultaron-heridas\/","title":{"rendered":"Un auto cay\u00f3 de un montacargas y dos personas resultaron heridas."},"content":{"rendered":"\n<h2 class=\"wp-block-heading\">El accidente ocurri\u00f3 en la noche del mi\u00e9rcoles en el garaje de un edifico ubicado\u00a0sobre calle Jun\u00edn al 2250 de la ciudad de Corrientes. Bomberos Voluntarios asistieron en el lugar y una persona fue atendida por personal de salud por lesiones leves.<\/h2>\n\n\n\n<p>Un inusual incidente tuvo lugar anoche en un edificio del microcentro de la ciudad de Corrientes, cuando un veh\u00edculo se precipit\u00f3 al vac\u00edo desde el sistema de elevaci\u00f3n del garaje. El hecho, que pudo haber terminado en tragedia, moviliz\u00f3 a los Bomberos hacia la calle Jun\u00edn al 2250.<\/p>\n\n\n\n<p>Eran cerca de las 21.45 del mi\u00e9rcoles cuando se oy\u00f3 un estruendo proveniente del estacionamiento de la propiedad. Un autom\u00f3vil que se encontraba sobre la plataforma del montacargas perdi\u00f3 estabilidad y cay\u00f3 al suelo por causas que todav\u00eda son materia de peritaje.<\/p>\n\n\n\n<p>En el interior del rodado se encontraba una pareja. Tras el impacto, la peor parte se la llev\u00f3 la mujer, quien sufri\u00f3 m\u00faltiples cortes en distintas partes del cuerpo debido al estallido de los cristales del coche. El hombre, si bien presentaba golpes por la sacudida, no result\u00f3 herido.<\/p>\n\n\n\n<p>R\u00e1pidamente, una dotaci\u00f3n de los Bomberos Voluntarios se hizo presente en el lugar para asistir a las v\u00edctimas, ante el riesgo que representaba la posici\u00f3n en la que qued\u00f3 el veh\u00edculo. Personal del servicio de emergencias m\u00e9dicas estabiliz\u00f3 a la mujer en el lugar y se evaluaba su traslado para curaciones de mayor complejidad.<\/p>\n\n\n\n<h2 class=\"wp-block-heading\">\u00bfFalla t\u00e9cnica o humana?<\/h2>\n\n\n\n<p>La inc\u00f3gnita que manejan los peritos es qu\u00e9 activ\u00f3 el siniestro. Se intenta determinar si se trat\u00f3 de una falla mec\u00e1nica en el sistema del elevador o si existi\u00f3 una maniobra desafortunada por parte de quien estaba al volante al momento de posicionar el auto en la estructura.<\/p>\n","protected":false},"excerpt":{"rendered":"<p>El accidente ocurri\u00f3 en la noche del mi\u00e9rcoles en el garaje de un edifico ubicado\u00a0sobre calle Jun\u00edn al 2250 de la ciudad de Corrientes. Bomberos Voluntarios asistieron en el lugar&hellip; <\/p>\n","protected":false},"author":6,"featured_media":243101,"comment_status":"closed","ping_status":"open","sticky":false,"template":"","format":"standard","meta":{"footnotes":""},"categories":[33],"tags":[],"class_list":["post-243097","post","type-post","status-publish","format-standard","has-post-thumbnail","hentry","category-policiales"],"_links":{"self":[{"href":"https:\/\/corrientesdetarde.com\/index.php\/wp-json\/wp\/v2\/posts\/243097","targetHints":{"allow":["GET"]}}],"collection":[{"href":"https:\/\/corrientesdetarde.com\/index.php\/wp-json\/wp\/v2\/posts"}],"about":[{"href":"https:\/\/corrientesdetarde.com\/index.php\/wp-json\/wp\/v2\/types\/post"}],"author":[{"embeddable":true,"href":"https:\/\/corrientesdetarde.com\/index.php\/wp-json\/wp\/v2\/users\/6"}],"replies":[{"embeddable":true,"href":"https:\/\/corrientesdetarde.com\/index.php\/wp-json\/wp\/v2\/comments?post=243097"}],"version-history":[{"count":2,"href":"https:\/\/corrientesdetarde.com\/index.php\/wp-json\/wp\/v2\/posts\/243097\/revisions"}],"predecessor-version":[{"id":243104,"href":"https:\/\/corrientesdetarde.com\/index.php\/wp-json\/wp\/v2\/posts\/243097\/revisions\/243104"}],"wp:featuredmedia":[{"embeddable":true,"href":"https:\/\/corrientesdetarde.com\/index.php\/wp-json\/wp\/v2\/media\/243101"}],"wp:attachment":[{"href":"https:\/\/corrientesdetarde.com\/index.php\/wp-json\/wp\/v2\/media?parent=243097"}],"wp:term":[{"taxonomy":"category","embeddable":true,"href":"https:\/\/corrientesdetarde.com\/index.php\/wp-json\/wp\/v2\/categories?post=243097"},{"taxonomy":"post_tag","embeddable":true,"href":"https:\/\/corrientesdetarde.com\/index.php\/wp-json\/wp\/v2\/tags?post=243097"}],"curies":[{"name":"wp","href":"https:\/\/api.w.org\/{rel}","templated":true}]}}