{"id":24310,"date":"2022-12-01T11:40:34","date_gmt":"2022-12-01T14:40:34","guid":{"rendered":"https:\/\/corrientesdetarde.com\/?p=24310"},"modified":"2022-12-01T11:40:39","modified_gmt":"2022-12-01T14:40:39","slug":"polemica-sesion-por-un-proyecto-de-privados-en-la-costanera","status":"publish","type":"post","link":"https:\/\/corrientesdetarde.com\/index.php\/politica\/polemica-sesion-por-un-proyecto-de-privados-en-la-costanera\/","title":{"rendered":"Pol\u00e9mica sesi\u00f3n por un proyecto de privados en la CostanerA"},"content":{"rendered":"\n<p>El cuerpo aprob\u00f3 la pr\u00f3rroga de la intervenci\u00f3n de la Caja Municipal y homolog\u00f3 una iniciativa privada para el uso de un sector en inmediaciones de la playa Islas Malvinas.<\/p>\n\n\n\n<p>El debate fue intenso en el recinto pero m\u00e1s a\u00fan fuera de este. Vecinos de la organizaci\u00f3n Defensores de los Espacios P\u00fablicos Costeros se presentaron en hall del Concejo Deliberante de la ciudad para cuestionar un proyecto sobre la Costanera General San Mart\u00edn. En el interior, los ediles del oficialismo explicaron que el expediente aprobado ayer permite habilitar un llamado a licitaci\u00f3n para la intervenci\u00f3n de la zona ya que no se dona, ni se vende el predio. A su vez, acusaron a la oposici\u00f3n de &#8220;hacer demagogia&#8221;. El Frente de Todos, por su parte, habl\u00f3 de una &#8220;privatizaci\u00f3n&#8221; porque el lugar ser\u00e1 explotado por una empresa privada.<\/p>\n\n\n\n<figure class=\"wp-block-image\"><img decoding=\"async\" src=\"https:\/\/www.diarioepoca.com\/content\/bucket\/6\/1266026w559h800c.jpg.webp\" alt=\"\"\/><\/figure>\n\n\n\n<p>El per\u00edodo de sesiones ordinarias del Concejo Deliberante de Corrientes cerr\u00f3 con fricci\u00f3n. Primero hubo discusi\u00f3n por una resoluci\u00f3n del Frente de Todos por la actualizaci\u00f3n tarifaria del transporte p\u00fablico. En este marco, el expediente se adjuntar\u00e1 al que est\u00e1 en an\u00e1lisis en la comisi\u00f3n de Obras y Servicios P\u00fablicos por moci\u00f3n de la concejal Cecilia Ojeda (ELI).<\/p>\n\n\n\n<p>Luego, tomaron estado parlamentario diversos proyectos de ordenanzas, entre ellos, la creaci\u00f3n del Premio \u00d1anderek\u00f3 para aquellas personas con una amplia trayectoria en el chamam\u00e9, de autor\u00eda de H\u00e9ctor Torres (UCR), que fuera remitida a la comisi\u00f3n de Cultura. Tambi\u00e9n, una modificaci\u00f3n del C\u00f3digo de Edificaci\u00f3n, impulsados por los ediles de la Coalici\u00f3n C\u00edvica (CC-ARI), Fabi\u00e1n Nieves y Gabriela Ga\u00fana.<\/p>\n\n\n\n<figure class=\"wp-block-image\"><img decoding=\"async\" src=\"https:\/\/www.diarioepoca.com\/content\/bucket\/7\/1266027w559h800c.jpg.webp\" alt=\"\"\/><\/figure>\n\n\n\n<p>Por otra parte, el Concejo aprob\u00f3 un pedido de informe propuesto por la edil Mercedes Franco (PJ) a trav\u00e9s del cual se busca clarificar si se realizaron estudios, an\u00e1lisis de suelo, o si se contempla la reparaci\u00f3n de la Costanera General San Mart\u00edn dentro del Plan de Obras P\u00fablicas.<\/p>\n\n\n\n<figure class=\"wp-block-image\"><img decoding=\"async\" src=\"https:\/\/www.diarioepoca.com\/content\/bucket\/8\/1266028w559h800c.jpg.webp\" alt=\"\"\/><\/figure>\n\n\n\n<h2 class=\"wp-block-heading\">Caja Municipal<\/h2>\n\n\n\n<p>Con 12 votos a favor y 5 en contra, en este \u00faltimo caso del Frente de Todos, se dio luz verde a la pr\u00f3rroga de la intervenci\u00f3n de la Caja Municipal de Pr\u00e9stamos. Uno de los argumentos en contra fue de la edil Magda Duartes (PJ), quien consider\u00f3 que estaban los tiempos vencidos para presentar el pedido. Adem\u00e1s, expres\u00f3 que &#8220;no hay razones de continuar con la intervenci\u00f3n&#8221;.<\/p>\n\n\n\n<p>Sin embargo, el Frente de Todos, al igual que ECO s\u00ed acompa\u00f1\u00f3 la aprobaci\u00f3n de los cinco balances presentados por la intervenci\u00f3n de la Caja Municipal, correspondientes a los a\u00f1os 2016, 2017, 2018, 2019 y 2020. A excepci\u00f3n de Uni\u00f3n Celeste y Blanca que rechaz\u00f3 todas las propuestas.<\/p>\n\n\n\n<p>&#8220;Nuestra postura nunca fue entorpecer el camino de la justicia que tiene toda la libertad y la documentaci\u00f3n necesaria para continuar y dictaminar lo que tiene que dictaminar. Eso siempre ha sido nuestra postura pero tambi\u00e9n creemos que el camino de la justicia no tiene por qu\u00e9 intervenir con el funcionamiento de una entidad aut\u00e1rquica como lo es la Caja Municipal&#8221;, expres\u00f3 Duartes. Finalmente, solicit\u00f3 al Ejecutivo que remita una iniciativa de normalizaci\u00f3n de la instituci\u00f3n.<\/p>\n\n\n\n<h2 class=\"wp-block-heading\">Costanera<\/h2>\n\n\n\n<p>Un punto neur\u00e1lgico de la discusi\u00f3n parlamentaria fue el tratamiento del proyecto de declaraci\u00f3n de inter\u00e9s del expediente N\u00b0217-G-2022 que refiere a una iniciativa privada denominada &#8220;La Toma Multiespacio&#8221;, presentado por el Grupo SISE SA. La empresa propone una intervenci\u00f3n sobre un total de 1.800 metros lineales en el sector de las inmediaciones de la playa Islas Malvinas, en la Costanera General San Mart\u00edn, que involucra el remozamiento de dicha parte del espacio p\u00fablico y la construcci\u00f3n de una superficie techada sobre aproximadamente 403 metros cuadrados.<\/p>\n\n\n\n<p>El proyecto se aprob\u00f3 con 13 votos a favor y 5 en contra. T\u00e9cnicamente, los ediles dieron aval a una declaraci\u00f3n de inter\u00e9s, en funci\u00f3n de un proyecto de iniciativa privada que el Ejecutivo Municipal dio viabilidad y cuyo marco normativo para la presentaci\u00f3n de este tipo de propuestas por parte de privados es la Ordenanza N\u00b06.123, impulsada por el entonces concejal peronista Ataliva Laprovitta. El expediente quedaba firme si no interven\u00eda el cuerpo deliberativo, ahora bien, esto, seg\u00fan explicaron en el recinto los concejales de ECO, significa que se habilita una nueva instancia para un llamado a licitaci\u00f3n. &#8220;Se presentar\u00e1n los oferentes y el Municipio podr\u00e1 evaluar cu\u00e1l es la mejor oferta&#8221;, dijo el concejal Fabi\u00e1n Nieves (CC-ARI).<\/p>\n\n\n\n<p>Sin embargo, los argumentos t\u00e9cnicos no convencieron a los vecinos organizados, ni a los ediles de la oposici\u00f3n, para quienes habr\u00eda una suerte de &#8220;privatizaci\u00f3n encubierta&#8221;. &#8220;Lo que estamos haciendo de fondo es discutir la pol\u00edtica o la visi\u00f3n que tiene esta gesti\u00f3n municipal de los espacios p\u00fablicos o el uso que se le quiere dar a los mismos&#8221;, dijo en el recinto la concejal Lorena Acevedo Caffa (PJ). La edil record\u00f3 los otros proyectos similares que impuls\u00f3 el Municipio como la edificaci\u00f3n de un shopping en un sector de la playa Arazaty, como as\u00ed el traslado de los puesteros del puerto, quienes &#8220;fueron trasladados en condiciones horrendas&#8221;, seg\u00fan calific\u00f3.<\/p>\n\n\n\n<p>Acevedo Caffa aclar\u00f3 que los concejales del bloque no est\u00e1n en contra de la inversi\u00f3n de empresas privadas en la ciudad para promover el turismo pero s\u00ed de que se otorgue la autorizaci\u00f3n de uso del espacio p\u00fablico por 20 a\u00f1os.<\/p>\n\n\n\n<p>&#8220;La pol\u00edtica va a tener que ponerse de acuerdo con determinados puntos para el desarrollo de la ciudad y para los ciudadanos&#8221;, expres\u00f3 la edil. Sobre todo en &#8220;cu\u00e1l es la visi\u00f3n que tenemos de ciudad de reordenamiento de la ciudad, donde entendemos que el Estado debe preservar fuertemente el espacio p\u00fablico&#8221;, apunt\u00f3.<\/p>\n\n\n\n<p>Luego, Acevedo Caffa se\u00f1al\u00f3 algunas de las expresiones que se extrajeron del proyecto legislativo. &#8220;Hay palabras desubicadas&#8221;, dijo la concejal. Y ley\u00f3: &#8220;La zona se encuentra estructuralmente y paisaj\u00edsticamente deteriorada y deja una p\u00e9sima impresi\u00f3n para los ciudadanos y turistas que transitan por la zona y gracias al abandono se est\u00e1 tornando en una guarida de pordioseros y alcoh\u00f3licos&#8221;.<\/p>\n\n\n\n<figure class=\"wp-block-image\"><img decoding=\"async\" src=\"https:\/\/www.diarioepoca.com\/content\/bucket\/2\/1266182w762h470c.jpg.webp\" alt=\"\"\/><\/figure>\n\n\n\n<p>Luego, el concejal Nieves explic\u00f3 que el proyecto de Iniciativa Privada presentado se enmarca en una ordenanza aprobada durante una gesti\u00f3n peronista y que entonces no tuvo ninguna objeci\u00f3n. &#8220;Lo que estamos haciendo no es concesionar sino que estamos homologando una declaraci\u00f3n de inter\u00e9s p\u00fablico (del Ejecutivo Municipal) que va a habilitar un posterior procedimiento de un llamado a licitaci\u00f3n p\u00fablica en el que distintos oferentes tendr\u00e1n que competir&#8221;, expres\u00f3 el edil, quien fue interrumpido por los gritos de algunos de los vecinos presentes. &#8220;\u00a1Mentira, est\u00e1n entregando!&#8221;, exclamaron los m\u00e1s enardecidos.<\/p>\n\n\n\n<p>&#8220;\u00a1Silencio, por favor! Pedimos tranquilidad a todos. Ning\u00fan grito le va a dar la raz\u00f3n a nadie&#8221;, intent\u00f3 poner orden el presidente del Concejo Deliberante, Alfredo Vallejos (UCR). &#8220;Todos est\u00e1n argumentando con respeto y lo que podemos hacer es escucharnos&#8221;, expres\u00f3 en medio de los gritos de integrantes del colectivo Defensores de los Espacios P\u00fablicos Costeros.<\/p>\n\n\n\n<p>&#8220;Pueden haber diferencias en relaci\u00f3n con el proyecto anterior, luego deben competir en licitaci\u00f3n que es el procedimiento m\u00e1s transparente y m\u00e1s restrictivo a la hora de conceder una obra o un servicio, por lo cual descarto ac\u00e1 cualquier tipo de elucubraci\u00f3n que se ha hecho respecto a la adjudicaci\u00f3n a alg\u00fan empresario amigo. Estamos hablando de un proceso licitatorio en el que distintas empresas tienen que competir y la que ofrezca mejores condiciones podr\u00e1 explotar este servicio&#8221;, manifest\u00f3 Nieves en medio de los murmullos de vecinos que cuestionaban el proceso.<\/p>\n\n\n\n<p>En reiteradas ocasiones se debi\u00f3 interrumpir la alocuci\u00f3n del concejal. \u00c9ste, a su vez, apunt\u00f3 contra la oposici\u00f3n al se\u00f1alar que se hizo un &#8220;uso demag\u00f3gico&#8221; de la iniciativa y sostuvo que en el caso de la marina en el Parque Mitre &#8220;no se ha privatizado&#8221;, sino por el contrario, se remoz\u00f3 el lugar y &#8220;se ha recuperado un espacio para los vecinos&#8221;.<\/p>\n\n\n\n<p>&#8220;S\u00ed, se privatiz\u00f3&#8221;, respondieron algunos de los vecinos frente al recinto. Personal policial en el lugar pidi\u00f3 serenidad a algunos de los presentes.<\/p>\n\n\n\n<p>Por su parte, el concejal Yamand\u00fa Barrios (Uni\u00f3n Popular) expuso detalles pocos difundidos del proyecto. As\u00ed, en el sector de la estructura conocida como La Toma de Agua, se prev\u00e9 la construcci\u00f3n de 32 metros cuadrados para la Secretar\u00eda de Turismo; 60 metros para el Centro de Monitoreo de la Ciudad; 130 metros cuadrados para oficinas de co-working; 55 para oficinas; 126 metros cuadrados para sector gastron\u00f3mico.<\/p>\n\n\n\n<h2 class=\"wp-block-heading\">Sonia L\u00f3pez: &#8220;No hubo audiencia p\u00fablica&#8221;<\/h2>\n\n\n\n<p>&#8220;Nos parece repudiable la sesi\u00f3n de hoy por el tono, por las inconsistencias&#8221;, dijo a \u00e9poca la abogada Sonia L\u00f3pez, quien integra el equipo de Defensores de los Espacios P\u00fablicos Costeros de Corrientes. La comunista exdiputada provincial calific\u00f3 al proyecto como un &#8220;cachivache&#8221; desde el punto de vista legal.<\/p>\n\n\n\n<p>&#8220;No tiene fundamento que hayan oficinas de seguridad sobre la barranca hist\u00f3rica del r\u00edo Paran\u00e1, sobre la costanera antigua. Solo se explica por una pol\u00edtica de atesoramiento de capitales de un grupo empresario amigo del poder de turno&#8221;, apunt\u00f3 la excandidata a Intendente tras haber escuchado la sesi\u00f3n en el Concejo, junto a un grupo de vecinos que integran el colectivo.<\/p>\n\n\n\n<p>Se\u00f1al\u00f3 que &#8220;no hay audiencia p\u00fablica&#8221; para que se escuche la voz de los vecinos. &#8220;Esperaron a la \u00faltima sesi\u00f3n ordinaria, en medio del Mundial cuando juega Argentina&#8221;, dijo.<\/p>\n\n\n\n<h2 class=\"wp-block-heading\">Payes contin\u00faa como Defensor de los Vecinos<\/h2>\n\n\n\n<figure class=\"wp-block-image\"><img decoding=\"async\" src=\"https:\/\/www.diarioepoca.com\/content\/bucket\/2\/1266182w762h470c.jpg.webp\" alt=\"\"\/><\/figure>\n\n\n\n<p>El Concejo Deliberante ratific\u00f3 ayer a Agust\u00edn Payes como defensor de los Vecinos con 14 votos a favor. La iniciativa fue impulsada por el bloque Encuentro por Corrientes (ECO) ya que el Frente de Todos (FDT) solicit\u00f3 remitir el pliego a la comisi\u00f3n de Legislaci\u00f3n, por moci\u00f3n de la edil peronista Madgalena Duartes. Esto, debido a que se plante\u00f3 como propuesta a la licenciada Elo\u00edsa Denis.<\/p>\n\n\n\n<p>&#8220;La licenciada Elo\u00edsa Denis tiene una amplia trayectoria en la gesti\u00f3n municipal, en la gesti\u00f3n parlamentaria, es una de las fundadoras de la Red Vecinal Zonal y del Colectivo Mujeres Peronistas&#8221;, expres\u00f3 Duartes. &#8220;Cumple con el esp\u00edritu del art\u00edculo 76 de la Carta Org\u00e1nica&#8221;, sostuvo.<\/p>\n\n\n\n<p>&#8220;El compa\u00f1ero Payes tiene una amplia trayectoria en el peronismo, adem\u00e1s fue concejal de la ciudad y viceintendente de la Ciudad de Corrientes durante un gobierno peronista. Ha tomado renombre en la Red Federal de Defensores de los Vecinos&#8221;, manifest\u00f3 por su parte, el concejal Yamand\u00fa Barrios del oficialista bloque ECO.<\/p>\n","protected":false},"excerpt":{"rendered":"<p>El cuerpo aprob\u00f3 la pr\u00f3rroga de la intervenci\u00f3n de la Caja Municipal y homolog\u00f3 una iniciativa privada para el uso de un sector en inmediaciones de la playa Islas Malvinas.&hellip; <\/p>\n","protected":false},"author":4,"featured_media":24314,"comment_status":"closed","ping_status":"open","sticky":false,"template":"","format":"standard","meta":{"footnotes":""},"categories":[3],"tags":[],"class_list":["post-24310","post","type-post","status-publish","format-standard","has-post-thumbnail","hentry","category-politica"],"_links":{"self":[{"href":"https:\/\/corrientesdetarde.com\/index.php\/wp-json\/wp\/v2\/posts\/24310","targetHints":{"allow":["GET"]}}],"collection":[{"href":"https:\/\/corrientesdetarde.com\/index.php\/wp-json\/wp\/v2\/posts"}],"about":[{"href":"https:\/\/corrientesdetarde.com\/index.php\/wp-json\/wp\/v2\/types\/post"}],"author":[{"embeddable":true,"href":"https:\/\/corrientesdetarde.com\/index.php\/wp-json\/wp\/v2\/users\/4"}],"replies":[{"embeddable":true,"href":"https:\/\/corrientesdetarde.com\/index.php\/wp-json\/wp\/v2\/comments?post=24310"}],"version-history":[{"count":1,"href":"https:\/\/corrientesdetarde.com\/index.php\/wp-json\/wp\/v2\/posts\/24310\/revisions"}],"predecessor-version":[{"id":24315,"href":"https:\/\/corrientesdetarde.com\/index.php\/wp-json\/wp\/v2\/posts\/24310\/revisions\/24315"}],"wp:featuredmedia":[{"embeddable":true,"href":"https:\/\/corrientesdetarde.com\/index.php\/wp-json\/wp\/v2\/media\/24314"}],"wp:attachment":[{"href":"https:\/\/corrientesdetarde.com\/index.php\/wp-json\/wp\/v2\/media?parent=24310"}],"wp:term":[{"taxonomy":"category","embeddable":true,"href":"https:\/\/corrientesdetarde.com\/index.php\/wp-json\/wp\/v2\/categories?post=24310"},{"taxonomy":"post_tag","embeddable":true,"href":"https:\/\/corrientesdetarde.com\/index.php\/wp-json\/wp\/v2\/tags?post=24310"}],"curies":[{"name":"wp","href":"https:\/\/api.w.org\/{rel}","templated":true}]}}