{"id":243109,"date":"2026-01-15T18:00:00","date_gmt":"2026-01-15T21:00:00","guid":{"rendered":"https:\/\/corrientesdetarde.com\/?p=243109"},"modified":"2026-01-15T18:49:49","modified_gmt":"2026-01-15T21:49:49","slug":"yerbateros-le-reclaman-al-gobierno-por-la-desregulacion-de-los-precios","status":"publish","type":"post","link":"https:\/\/corrientesdetarde.com\/index.php\/economia\/yerbateros-le-reclaman-al-gobierno-por-la-desregulacion-de-los-precios\/","title":{"rendered":"Yerbateros le reclaman al Gobierno por la desregulaci\u00f3n de los precios."},"content":{"rendered":"\n<h2 class=\"wp-block-heading\">Productores de Misiones se reunieron con el nuevo presidente del Instituto Nacional de la Yerba Mate, Rodrigo Correa. Expresaron su preocupaci\u00f3n por la falta de rentabilidad y cuestionaron la falta de representaci\u00f3n en el encuentro.<\/h2>\n\n\n\n<p>La crisis de rentabilidad volvi\u00f3 a poner en alerta al\u00a0<strong>sector yerbatero<\/strong>.<\/p>\n\n\n\n<p>Un grupo reducido de productores y dirigentes cooperativos se reuni\u00f3 en Posadas con el presidente del Instituto Nacional de la Yerba Mate (INYM),\u00a0<strong>Rodrigo Correa<\/strong>, en un encuentro que fue calificado como \u201cameno\u201d por los participantes, pero que dej\u00f3 sobre la mesa advertencias concretas: si los precios no mejoran en un plazo razonable, el conflicto podr\u00eda escalar nuevamente con un tractorazo, como el que marc\u00f3 a fuego al sector a comienzos a principios de los a\u00f1os 2000.<\/p>\n\n\n\n<p>El encuentro se realiz\u00f3 en la sede del INYM y&nbsp;<strong>cont\u00f3 con la presencia de representantes de solo 4 de las 12 asociaciones de productores yerbateros que existen en la provincia.<\/strong>&nbsp;Esa decisi\u00f3n gener\u00f3 malestar entre los chacareros, que cuestionaron la convocatoria limitada y reclamaron una reuni\u00f3n ampliada que incluya a toda la zona productora. La falta de una fecha concreta para ese encuentro profundiz\u00f3 la sensaci\u00f3n de incertidumbre.<\/p>\n\n\n\n<p>Los&nbsp;<strong>productores llevaron un petitorio de 7 puntos,&nbsp;<\/strong>en el que reclamaron trabajar de manera conjunta en toda la cadena yerbatera, mejorar los precios de la hoja verde, restituir las facultades que le fueron recortadas al INYM, sostener el Convenio de Corresponsabilidad Gremial, mantener los controles de calidad, continuar con el registro de productores y garantizar el pago de becas estudiantiles.&nbsp;<strong>El eje central, sin embargo, volvi\u00f3 a ser el mismo: la p\u00e9rdida de rentabilidad.<\/strong><\/p>\n\n\n\n<h2 class=\"wp-block-heading\">Precios bajo presi\u00f3n<\/h2>\n\n\n\n<p>Seg\u00fan explicaron los referentes que participaron del encuentro, la \u00faltima zafra cerr\u00f3 con valores por debajo de los $300 por kilo de hoja verde puesta en secadero, muy lejos del costo de producci\u00f3n estimado en unos $430, sin contemplar margen de ganancia. Esa brecha, que se arrastra desde hace m\u00e1s de dos a\u00f1os, dej\u00f3 a muchos productores en una situaci\u00f3n cr\u00edtica, con dificultades para sostener la actividad y encarar nuevas campa\u00f1as.<\/p>\n\n\n\n<p>Por el lado de las asociaciones estuvieron presentes&nbsp;<strong>Jorge Skripczuk<\/strong>&nbsp;y&nbsp;<strong>Luis Andrusyszyn<\/strong>, de Impulso Yerbatero;&nbsp;<strong>Waldemar Schwider<\/strong>, de la Casa de la Familia Yerbatera de San Pedro; y&nbsp;<strong>Jorge Lizzinies<\/strong>, de la Cooperativa Jard\u00edn Am\u00e9rica. El presidente del INYM, recientemente designado, busc\u00f3 transmitir calma y asegur\u00f3 que se encuentra interioriz\u00e1ndose en el funcionamiento del organismo. Tambi\u00e9n se\u00f1al\u00f3 que no tiene previsto desmantelar el \u00e1rea encargada de los controles de calidad, un punto sensible para los productores.<\/p>\n\n\n\n<p>La reuni\u00f3n dej\u00f3, no obstante, m\u00e1s preguntas que respuestas. Los yerbateros manifestaron su disconformidad por la escasa representaci\u00f3n y advirtieron que limitar la participaci\u00f3n puede derivar en diagn\u00f3sticos incompletos. En esa l\u00ednea,&nbsp;<strong>Hugo Sand<\/strong>, presidente de la Asociaci\u00f3n de Productores Agropecuarios de Misiones (APAM) y referente hist\u00f3rico de los tractorazos de 2001 y 2002, cuestion\u00f3 p\u00fablicamente la convocatoria restringida y alert\u00f3 sobre el riesgo de dividir al sector.<\/p>\n\n\n\n<p>El conflicto actual remite inevitablemente a la historia reciente. El INYM fue creado en 2002, luego de 53 d\u00edas de acampe de productores en Posadas, como respuesta a la crisis generada por la desregulaci\u00f3n de la actividad. A partir de entonces, el Instituto comenz\u00f3 a fijar valores de referencia para la hoja verde y la yerba canchada, lo que permiti\u00f3 una lenta recuperaci\u00f3n del sector.<\/p>\n\n\n\n<p>Sin embargo, a fines de 2023, una nueva desregulaci\u00f3n impulsada a nivel nacional volvi\u00f3 a golpear los precios. Mientras los productores reciben cada vez menos por su materia prima, el valor del paquete de yerba en g\u00f3ndola no dej\u00f3 de aumentar. Aunque 2025 mostr\u00f3 una recuperaci\u00f3n del consumo interno y un fuerte crecimiento de las exportaciones, ese repunte no alcanz\u00f3 para recomponer los m\u00e1rgenes de los chacareros.<\/p>\n\n\n\n<p>Con un INYM que estuvo ac\u00e9falo durante m\u00e1s de dos a\u00f1os y una nueva conducci\u00f3n que reci\u00e9n comienza a dar se\u00f1ales, el sector yerbatero vuelve a moverse entre la negociaci\u00f3n y la protesta, con la amenaza del tractorazo como tel\u00f3n de fondo.<\/p>\n\n\n\n<p><\/p>\n","protected":false},"excerpt":{"rendered":"<p>Productores de Misiones se reunieron con el nuevo presidente del Instituto Nacional de la Yerba Mate, Rodrigo Correa. Expresaron su preocupaci\u00f3n por la falta de rentabilidad y cuestionaron la falta&hellip; <\/p>\n","protected":false},"author":6,"featured_media":243110,"comment_status":"closed","ping_status":"open","sticky":false,"template":"","format":"standard","meta":{"footnotes":""},"categories":[20],"tags":[],"class_list":["post-243109","post","type-post","status-publish","format-standard","has-post-thumbnail","hentry","category-economia"],"_links":{"self":[{"href":"https:\/\/corrientesdetarde.com\/index.php\/wp-json\/wp\/v2\/posts\/243109","targetHints":{"allow":["GET"]}}],"collection":[{"href":"https:\/\/corrientesdetarde.com\/index.php\/wp-json\/wp\/v2\/posts"}],"about":[{"href":"https:\/\/corrientesdetarde.com\/index.php\/wp-json\/wp\/v2\/types\/post"}],"author":[{"embeddable":true,"href":"https:\/\/corrientesdetarde.com\/index.php\/wp-json\/wp\/v2\/users\/6"}],"replies":[{"embeddable":true,"href":"https:\/\/corrientesdetarde.com\/index.php\/wp-json\/wp\/v2\/comments?post=243109"}],"version-history":[{"count":1,"href":"https:\/\/corrientesdetarde.com\/index.php\/wp-json\/wp\/v2\/posts\/243109\/revisions"}],"predecessor-version":[{"id":243111,"href":"https:\/\/corrientesdetarde.com\/index.php\/wp-json\/wp\/v2\/posts\/243109\/revisions\/243111"}],"wp:featuredmedia":[{"embeddable":true,"href":"https:\/\/corrientesdetarde.com\/index.php\/wp-json\/wp\/v2\/media\/243110"}],"wp:attachment":[{"href":"https:\/\/corrientesdetarde.com\/index.php\/wp-json\/wp\/v2\/media?parent=243109"}],"wp:term":[{"taxonomy":"category","embeddable":true,"href":"https:\/\/corrientesdetarde.com\/index.php\/wp-json\/wp\/v2\/categories?post=243109"},{"taxonomy":"post_tag","embeddable":true,"href":"https:\/\/corrientesdetarde.com\/index.php\/wp-json\/wp\/v2\/tags?post=243109"}],"curies":[{"name":"wp","href":"https:\/\/api.w.org\/{rel}","templated":true}]}}