{"id":243112,"date":"2026-01-15T18:45:00","date_gmt":"2026-01-15T21:45:00","guid":{"rendered":"https:\/\/corrientesdetarde.com\/?p=243112"},"modified":"2026-01-15T18:56:42","modified_gmt":"2026-01-15T21:56:42","slug":"recuperan-parte-de-la-indumentaria-robada-a-kamandukahia","status":"publish","type":"post","link":"https:\/\/corrientesdetarde.com\/index.php\/policiales\/recuperan-parte-de-la-indumentaria-robada-a-kamandukahia\/","title":{"rendered":"Recuperan parte de la indumentaria robada a Kamandukahia."},"content":{"rendered":"\n<h2 class=\"wp-block-heading\">La coordinadora general Nadia Rivarola confirm\u00f3 que lograron recuperar una parte de la indumentaria robada al sastre de la agrupaci\u00f3n. Pese al golpe, trabajan a contrarreloj para celebrar sus 30 a\u00f1os en la avenida.<\/h2>\n\n\n\n<p>La agrupaci\u00f3n musical Kamandukahia atraviesa d\u00edas de intensa actividad, marcados por la mezcla de la angustia tras un robo y la emoci\u00f3n por su aniversario n\u00famero 30. En una entrevista<strong>, su coordinadora general, Nadia Rivarola<\/strong>, dio detalles sobre la situaci\u00f3n de la indumentaria sustra\u00edda y los preparativos para la gran fiesta.<\/p>\n\n\n\n<p>El hecho delictivo ocurri\u00f3 durante la madrugada del pasado martes, cuando delincuentes rompieron el auto del sastre de la agrupaci\u00f3n y<strong>&nbsp;se llevaron un total de 30 sacos que forman parte del vestuario de este a\u00f1o.<\/strong><\/p>\n\n\n\n<p>Gracias a la colaboraci\u00f3n ciudadana, hubo novedades en las \u00faltimas horas: &#8220;Ayer me llamaron para avisar que la ropa estaba en un bald\u00edo abandonado.&nbsp;<strong>De la totalidad de los 30 sacos, pudimos recuperar 8&#8243;,&nbsp;<\/strong>explic\u00f3 Rivarola. A pesar de este alivio parcial, la b\u00fasqueda continua por las 22 prendas restantes.<\/p>\n\n\n\n<p>Desde la organizaci\u00f3n apelaron nuevamente a la solidaridad de los correntinos, haciendo hincapi\u00e9 en que lo robado carece de utilidad comercial: &#8220;Son prendas que no tienen valor fuera del \u00e1mbito del carnaval. Pedimos a los vecinos que si ven algo, den aviso&#8221; y agreg\u00f3: &#8220;Lo m\u00e1s importante y sobresaliente&nbsp;<strong>es la solidaridad de mucha gente. Le agradecemos a las dem\u00e1s familias y comparsas<\/strong>&nbsp;que se pusieron a disposici\u00f3n para darnos una mano, m\u00e1s all\u00e1 de la competencia&#8221;.<\/p>\n\n\n\n<h2 class=\"wp-block-heading\"><strong>30 a\u00f1os de &#8220;la comparsa del pueblo&#8221;<\/strong><\/h2>\n\n\n\n<p>Este a\u00f1o es especial para&nbsp;<strong>Kamandukahia, ya que celebran tres d\u00e9cadas de historia en los carnavales correntinos.&nbsp;<\/strong>En el show presentar\u00e1n una propuesta que recorre la historia de la agrupaci\u00f3n. &#8220;Haremos un show que cuenta la historia de Kamandukahia. Somos arlequines, habr\u00e1 mucho color, tr\u00edos, d\u00faos y nuestra bater\u00eda&#8221;, adelant\u00f3 la coordinadora.<\/p>\n","protected":false},"excerpt":{"rendered":"<p>La coordinadora general Nadia Rivarola confirm\u00f3 que lograron recuperar una parte de la indumentaria robada al sastre de la agrupaci\u00f3n. Pese al golpe, trabajan a contrarreloj para celebrar sus 30&hellip; <\/p>\n","protected":false},"author":6,"featured_media":243113,"comment_status":"closed","ping_status":"open","sticky":false,"template":"","format":"standard","meta":{"footnotes":""},"categories":[33],"tags":[],"class_list":["post-243112","post","type-post","status-publish","format-standard","has-post-thumbnail","hentry","category-policiales"],"_links":{"self":[{"href":"https:\/\/corrientesdetarde.com\/index.php\/wp-json\/wp\/v2\/posts\/243112","targetHints":{"allow":["GET"]}}],"collection":[{"href":"https:\/\/corrientesdetarde.com\/index.php\/wp-json\/wp\/v2\/posts"}],"about":[{"href":"https:\/\/corrientesdetarde.com\/index.php\/wp-json\/wp\/v2\/types\/post"}],"author":[{"embeddable":true,"href":"https:\/\/corrientesdetarde.com\/index.php\/wp-json\/wp\/v2\/users\/6"}],"replies":[{"embeddable":true,"href":"https:\/\/corrientesdetarde.com\/index.php\/wp-json\/wp\/v2\/comments?post=243112"}],"version-history":[{"count":1,"href":"https:\/\/corrientesdetarde.com\/index.php\/wp-json\/wp\/v2\/posts\/243112\/revisions"}],"predecessor-version":[{"id":243114,"href":"https:\/\/corrientesdetarde.com\/index.php\/wp-json\/wp\/v2\/posts\/243112\/revisions\/243114"}],"wp:featuredmedia":[{"embeddable":true,"href":"https:\/\/corrientesdetarde.com\/index.php\/wp-json\/wp\/v2\/media\/243113"}],"wp:attachment":[{"href":"https:\/\/corrientesdetarde.com\/index.php\/wp-json\/wp\/v2\/media?parent=243112"}],"wp:term":[{"taxonomy":"category","embeddable":true,"href":"https:\/\/corrientesdetarde.com\/index.php\/wp-json\/wp\/v2\/categories?post=243112"},{"taxonomy":"post_tag","embeddable":true,"href":"https:\/\/corrientesdetarde.com\/index.php\/wp-json\/wp\/v2\/tags?post=243112"}],"curies":[{"name":"wp","href":"https:\/\/api.w.org\/{rel}","templated":true}]}}