{"id":243116,"date":"2026-01-15T18:45:00","date_gmt":"2026-01-15T21:45:00","guid":{"rendered":"https:\/\/corrientesdetarde.com\/?p=243116"},"modified":"2026-01-15T19:16:31","modified_gmt":"2026-01-15T22:16:31","slug":"chiara-ferragni-fue-absuelta-en-el-caso-de-fraude","status":"publish","type":"post","link":"https:\/\/corrientesdetarde.com\/index.php\/espectaculos\/chiara-ferragni-fue-absuelta-en-el-caso-de-fraude\/","title":{"rendered":"Chiara Ferragni fue absuelta en el caso de fraude."},"content":{"rendered":"\n<h2 class=\"wp-block-heading\">Luego de dos a\u00f1os, la justicia italiana decret\u00f3 que el delito por el que se acusaba a la influencer italiana est\u00e1 extinguido.<\/h2>\n\n\n\n<p>Una pesadilla de dos a\u00f1os que termin\u00f3 en cuesti\u00f3n de segundos. La sentencia de \u201cno procede porque el delito est\u00e1 extinguido\u201d fue suficiente para disipar la\u00a0<strong>tensi\u00f3n acumulada d\u00eda tras d\u00eda y permitirle recuperar el aliento<\/strong>. El fallo de hoy ha tra\u00eddo paz a la vida de la italiana\u00a0<strong>Chiara Ferragni<\/strong>.<\/p>\n\n\n\n<p>La famosa influencer fue\u00a0<strong>imputada en Mil\u00e1n<\/strong>\u00a0en un caso odioso para alguien que construy\u00f3 un imperio a trav\u00e9s de las redes sociales.\u00a0<strong>Acusada de fraude agravado<\/strong>\u00a0con uno de sus colaboradores m\u00e1s cercanos en aquel momento y un empresario, al final del juicio, en el que fue juzgada mediante procedimiento sumario,\u00a0<strong>fue absuelta o, dicho de forma m\u00e1s t\u00e9cnica, exonerada.<\/strong><\/p>\n\n\n\n<figure class=\"wp-block-image\"><img decoding=\"async\" src=\"https:\/\/tn.com.ar\/resizer\/v2\/chiara-ferragni-en-el-tribunal-rodeada-de-periodistas-foto-reutersclaudia-greco-VG77IX23PREWYI2UGD7M35WJSM.jpg?auth=5e7e0d7098c2253f33f06ed3fd06ca3342aa9f3ffa6b0628d465ecac32f32dde&amp;width=767\" alt=\"Chiara Ferragni en el tribunal rodeada de periodistas. (Foto: REUTERS\/Claudia Greco)\"\/><\/figure>\n\n\n\n<p>Chiara Ferragni en el tribunal rodeada de periodistas. (Foto: REUTERS\/Claudia Greco)<\/p>\n\n\n\n<p>As\u00ed concluyeron los procedimientos judiciales centrados en los casos de los huevos de Navidad y Pascua de Pandoro Pink y los&nbsp;<strong>presuntos mensajes enga\u00f1osos publicados en online para promocionar su venta<\/strong>, seg\u00fan la fiscal\u00eda, que insinuaban que&nbsp;<strong>parte de lo recaudado se destinar\u00eda a iniciativas ben\u00e9ficas<\/strong>.<\/p>\n\n\n\n<p>El juez de la tercera secci\u00f3n penal, Ilio Mannucci Pacini, decidi\u00f3&nbsp;<strong>no reconocer la circunstancia agravante de la vulneraci\u00f3n de la protecci\u00f3n del consumidor o usuario en l\u00ednea.<\/strong><\/p>\n\n\n\n<p>As\u00ed, el delito imputado a ella y a sus coacusados ;;\u2014su entonces mano derecha, Fabio Damato, y el presidente de Cerealitalia, Francesco Cannillo\u2014 fue&nbsp;<strong>reclasificado como fraude simple<\/strong>, que, sin embargo,&nbsp;<strong>fue eliminado tras la retirada de la denuncia presentada a finales de 2023 por Codacons, la asociaci\u00f3n que protege a los consumidores<\/strong>.<\/p>\n\n\n\n<figure class=\"wp-block-image\"><img decoding=\"async\" src=\"https:\/\/tn.com.ar\/resizer\/v2\/chiara-ferragni-hablo-con-la-prensa-luego-de-conocer-el-veredicto-foto-reutersclaudia-greco-U6P6U3SXV6JSKKWMHURE2XYZUI.jpg?auth=c78f3006f9de0938a85bfd90c624ce9bfbab6d49f3061e738d35dc469c0f4e75&amp;width=767\" alt=\"Chiara Ferragni habl\u00f3 con la prensa luego de conocer el veredicto. (Foto: REUTERS\/Claudia Greco)\"\/><figcaption class=\"wp-element-caption\">Chiara Ferragni habl\u00f3 con la prensa luego de conocer el veredicto. (Foto: REUTERS\/Claudia Greco)<\/figcaption><\/figure>\n\n\n\n<p>La revocaci\u00f3n se produjo tras un acuerdo, hace poco m\u00e1s de un a\u00f1o, en el que la emprendedora digital, que ya hab\u00eda resuelto el caso administrativo pagando aproximadamente&nbsp;<strong>3,4 millones de euros<\/strong>&nbsp;en concepto de indemnizaci\u00f3n y donaciones, emiti\u00f3 un cheque por valor de 200.000 euros y particip\u00f3 en una&nbsp;<strong>iniciativa solidaria<\/strong>, poniendo a disposici\u00f3n su imagen.<\/p>\n\n\n\n<p>\u201cTodo sali\u00f3 bien. Estamos todos conmovidos, agradezco a todos, a mis abogados y a mis seguidores\u201d, fueron sus palabras inmediatamente despu\u00e9s de la lectura del fallo.<\/p>\n\n\n\n<p>En la puerta de la sala, apretada entre flashes y cuadernos, sec\u00e1ndose el rostro ba\u00f1ado en l\u00e1grimas, continu\u00f3: \u201cHan pasado dos a\u00f1os sin decir nada por respeto a las instituciones y a este proceso.&nbsp;<strong>Tambi\u00e9n estoy feliz de poder finalmente recuperar mi vida<\/strong>\u201d. Cuando se le pregunt\u00f3 si hab\u00eda perdido seguidores por esto, respondi\u00f3: \u201cUn poco, solo unos pocos\u201d.<\/p>\n\n\n\n<figure class=\"wp-block-image\"><img decoding=\"async\" src=\"https:\/\/tn.com.ar\/resizer\/v2\/chiara-ferragni-planea-volver-al-trabajo-en-la-moda-con-tranquilidad-foto-reutersabdul-saboor-HIKDURQD3FCOQMQ5KCPAHVBHS4.jpg?auth=2e33614ca8348908dcf3efc57c3b9cd46d717df0512575b3904f928442026e18&amp;width=767\" alt=\"Chiara Ferragni planea volver al trabajo en la moda con tranquilidad. (Foto: REUTERS\/Abdul Saboor)\"\/><figcaption class=\"wp-element-caption\">Chiara Ferragni planea volver al trabajo en la moda con tranquilidad. (Foto: REUTERS\/Abdul Saboor)<\/figcaption><\/figure>\n\n\n\n<p>Ahora tiene&nbsp;<strong>28 millones de seguidores en Instagram<\/strong>. Pero lo importante es que \u201cuna pesadilla ha terminado\u201d. \u201cTen\u00eda fe en la justicia, y se ha hecho justicia\u201d, confi\u00f3 a sus allegados, antes de reunirse con su madre, que la esperaba fuera del juzgado para abrazarla. \u201cPas\u00f3 lo que ten\u00eda que pasar\u201d, explic\u00f3 el abogado Giuseppe Iannaccone, quien, junto con Marcello Bana, defendi\u00f3 a la influencer.<\/p>\n\n\n\n<p>\u201cFue admirable \u2014enfatiz\u00f3 el abogado\u2014 y deber\u00eda ser un ejemplo para todos:&nbsp;<strong>fue respetuosa, primero con la autoridad supervisora y luego con las autoridades judiciales<\/strong>. Actu\u00f3 con transparencia y obtuvo justicia. \u00ad\u00a1Porque en nuestro pa\u00eds, la justicia s\u00ed existe!\u201d.<\/p>\n\n\n\n<p>Bana tambi\u00e9n se mostr\u00f3 satisfecho: \u201cNos alegra haber logrado la&nbsp;<strong>absoluci\u00f3n de Chiara<\/strong>&nbsp;tras una batalla por algo que probablemente ni siquiera deber\u00eda haber ocurrido\u201d, a\u00f1adi\u00f3, especificando que la falta de reconocimiento de la circunstancia agravante y la retirada de la denuncia llevaron a la inadmisibilidad del caso.<\/p>\n\n\n\n<figure class=\"wp-block-image\"><img decoding=\"async\" src=\"https:\/\/tn.com.ar\/resizer\/v2\/chiara-ferragni-es-una-nina-mimada-de-las-revistas-de-moda-foto-instagramchiaraferragni-HF7YT3I2RZF47ECMCTF2I5QWU4.jpg?auth=6e154bb528535aca58162127b8e9da66a08d2178ba18341558bb88eeb20d9477&amp;width=767\" alt=\"Chiara Ferragni es una ni\u00f1a mimada de las revistas de moda. (Foto: Instagram\/@chiaraferragni).\"\/><figcaption class=\"wp-element-caption\">Chiara Ferragni es una ni\u00f1a mimada de las revistas de moda. (Foto: Instagram\/@chiaraferragni).<\/figcaption><\/figure>\n\n\n\n<p>\u201cSin embargo \u2014aclar\u00f3\u2014, siempre hemos mantenido que&nbsp;<strong>no se cometi\u00f3 fraude&nbsp;<\/strong>y que, al no existir circunstancias agravantes, ni siquiera pod\u00eda haber juicio\u201d. Este no fue el caso de Aniello Chianese, abogado de la asociaci\u00f3n Casa del Consumo, la \u00fanica parte civil que quedaba en el juicio, quien afirm\u00f3 que<strong>&nbsp;no se trat\u00f3 de una absoluci\u00f3n<\/strong>. Esta aclaraci\u00f3n tambi\u00e9n la hizo Selvaggia Lucarelli, la periodista que sac\u00f3 a la luz el caso, lo que desencaden\u00f3 un intercambio a distancia.<\/p>\n\n\n\n<p>\u201cMe absolvieron porque el juicio no debi\u00f3 celebrarse\u201d, respondi\u00f3 Ferragni con celeridad. Los motivos del veredicto se anunciar\u00e1n en 90 d\u00edas.<\/p>\n","protected":false},"excerpt":{"rendered":"<p>Luego de dos a\u00f1os, la justicia italiana decret\u00f3 que el delito por el que se acusaba a la influencer italiana est\u00e1 extinguido. Una pesadilla de dos a\u00f1os que termin\u00f3 en&hellip; <\/p>\n","protected":false},"author":6,"featured_media":243117,"comment_status":"closed","ping_status":"open","sticky":false,"template":"","format":"standard","meta":{"footnotes":""},"categories":[19],"tags":[],"class_list":["post-243116","post","type-post","status-publish","format-standard","has-post-thumbnail","hentry","category-espectaculos"],"_links":{"self":[{"href":"https:\/\/corrientesdetarde.com\/index.php\/wp-json\/wp\/v2\/posts\/243116","targetHints":{"allow":["GET"]}}],"collection":[{"href":"https:\/\/corrientesdetarde.com\/index.php\/wp-json\/wp\/v2\/posts"}],"about":[{"href":"https:\/\/corrientesdetarde.com\/index.php\/wp-json\/wp\/v2\/types\/post"}],"author":[{"embeddable":true,"href":"https:\/\/corrientesdetarde.com\/index.php\/wp-json\/wp\/v2\/users\/6"}],"replies":[{"embeddable":true,"href":"https:\/\/corrientesdetarde.com\/index.php\/wp-json\/wp\/v2\/comments?post=243116"}],"version-history":[{"count":1,"href":"https:\/\/corrientesdetarde.com\/index.php\/wp-json\/wp\/v2\/posts\/243116\/revisions"}],"predecessor-version":[{"id":243118,"href":"https:\/\/corrientesdetarde.com\/index.php\/wp-json\/wp\/v2\/posts\/243116\/revisions\/243118"}],"wp:featuredmedia":[{"embeddable":true,"href":"https:\/\/corrientesdetarde.com\/index.php\/wp-json\/wp\/v2\/media\/243117"}],"wp:attachment":[{"href":"https:\/\/corrientesdetarde.com\/index.php\/wp-json\/wp\/v2\/media?parent=243116"}],"wp:term":[{"taxonomy":"category","embeddable":true,"href":"https:\/\/corrientesdetarde.com\/index.php\/wp-json\/wp\/v2\/categories?post=243116"},{"taxonomy":"post_tag","embeddable":true,"href":"https:\/\/corrientesdetarde.com\/index.php\/wp-json\/wp\/v2\/tags?post=243116"}],"curies":[{"name":"wp","href":"https:\/\/api.w.org\/{rel}","templated":true}]}}