{"id":243132,"date":"2026-01-15T19:30:00","date_gmt":"2026-01-15T22:30:00","guid":{"rendered":"https:\/\/corrientesdetarde.com\/?p=243132"},"modified":"2026-01-15T19:32:30","modified_gmt":"2026-01-15T22:32:30","slug":"chaco-asesinaron-a-un-adolescente-de-una-punalada","status":"publish","type":"post","link":"https:\/\/corrientesdetarde.com\/index.php\/policiales\/chaco-asesinaron-a-un-adolescente-de-una-punalada\/","title":{"rendered":"Chaco: asesinaron a un adolescente de una pu\u00f1alada."},"content":{"rendered":"\n<h2 class=\"wp-block-heading\">En la tarde del jueves, un r\u00e1pido despliegue policial permiti\u00f3 detener a un hombre y su hijo presuntos autores del\u00a0homicidio de un adolescente de 16 a\u00f1os, quien perdi\u00f3 la vida tras ser herido con un arma blanca en el barrio Mecherito de al ciudad chaque\u00f1a de S\u00e1enz Pe\u00f1a. Luego investigaciones la Polic\u00eda del Chaco logr\u00f3 dar con los presuntos homicidas.<\/h2>\n\n\n\n<p>En la tarde del jueves, un r\u00e1pido despliegue policial permiti\u00f3 detener a un hombre y su hijo presuntos autores del&nbsp;<strong>homicidio de un adolescente de 16 a\u00f1os<\/strong>, quien perdi\u00f3 la vida tras ser herido con un arma blanca en el barrio Mecherito de al ciudad chaque\u00f1a de S\u00e1enz Pe\u00f1a.<\/p>\n\n\n\n<p>En la siesta de este jueves, personal policial recibi\u00f3 el aviso de que un joven se encontraba lesionado en la v\u00eda p\u00fablica.<strong>&nbsp;Al llegar a la intersecci\u00f3n de las calles Eva Per\u00f3n y G\u00fcemes, los agentes hallaron a un masculino recostado en la vereda.<\/strong><\/p>\n\n\n\n<p>Fue trasladado de inmediato al hospital local, donde fue identificado como&nbsp;<strong>Alexis Moreno de 16 a\u00f1os.<\/strong>&nbsp;Pese a los trabajos de reanimaci\u00f3n (RCP),&nbsp;<strong>el joven falleci\u00f3 alrededor de las 16:10,<\/strong>&nbsp;seg\u00fan diagn\u00f3stico del m\u00e9dico de guardia, Dr. Claudio Mendoza.<\/p>\n\n\n\n<p>Las tareas investigativas permitieron identificar a los supuestos autores del ataque, un hombre&nbsp;<strong>de 53 a\u00f1os y su hijo de 19 a\u00f1os.<\/strong>&nbsp;Ambos fueron conducidos y quedaron alojados en la comisar\u00eda local.<\/p>\n\n\n\n<p>Adem\u00e1s se procedi\u00f3<strong>\u00a0al secuestro dos cuchillos<\/strong>\u00a0(uno tipo machete y otro tipo carnicero con funda de cuero),\u00a0<strong>dos gomeras, un trozo de ladrillo, balines y piedras\u00a0<\/strong>utilizadas como elementos contundentes.<\/p>\n\n\n\n<p><strong>La Fiscal\u00eda N\u00b0 3 de S\u00e1enz Pe\u00f1a, a cargo del Dr. Marcelo Fabi\u00e1n Soto<\/strong>&nbsp;orden\u00f3 la notificaci\u00f3n de la aprehensi\u00f3n de los acusados en la causa por supuesto homicidio, adem\u00e1s de la constataci\u00f3n del lugar del hecho y la elaboraci\u00f3n de informes m\u00e9dicos sobre el occiso.<\/p>\n\n\n\n<p><\/p>\n","protected":false},"excerpt":{"rendered":"<p>En la tarde del jueves, un r\u00e1pido despliegue policial permiti\u00f3 detener a un hombre y su hijo presuntos autores del\u00a0homicidio de un adolescente de 16 a\u00f1os, quien perdi\u00f3 la vida&hellip; <\/p>\n","protected":false},"author":6,"featured_media":243134,"comment_status":"closed","ping_status":"open","sticky":false,"template":"","format":"standard","meta":{"footnotes":""},"categories":[33],"tags":[],"class_list":["post-243132","post","type-post","status-publish","format-standard","has-post-thumbnail","hentry","category-policiales"],"_links":{"self":[{"href":"https:\/\/corrientesdetarde.com\/index.php\/wp-json\/wp\/v2\/posts\/243132","targetHints":{"allow":["GET"]}}],"collection":[{"href":"https:\/\/corrientesdetarde.com\/index.php\/wp-json\/wp\/v2\/posts"}],"about":[{"href":"https:\/\/corrientesdetarde.com\/index.php\/wp-json\/wp\/v2\/types\/post"}],"author":[{"embeddable":true,"href":"https:\/\/corrientesdetarde.com\/index.php\/wp-json\/wp\/v2\/users\/6"}],"replies":[{"embeddable":true,"href":"https:\/\/corrientesdetarde.com\/index.php\/wp-json\/wp\/v2\/comments?post=243132"}],"version-history":[{"count":1,"href":"https:\/\/corrientesdetarde.com\/index.php\/wp-json\/wp\/v2\/posts\/243132\/revisions"}],"predecessor-version":[{"id":243135,"href":"https:\/\/corrientesdetarde.com\/index.php\/wp-json\/wp\/v2\/posts\/243132\/revisions\/243135"}],"wp:featuredmedia":[{"embeddable":true,"href":"https:\/\/corrientesdetarde.com\/index.php\/wp-json\/wp\/v2\/media\/243134"}],"wp:attachment":[{"href":"https:\/\/corrientesdetarde.com\/index.php\/wp-json\/wp\/v2\/media?parent=243132"}],"wp:term":[{"taxonomy":"category","embeddable":true,"href":"https:\/\/corrientesdetarde.com\/index.php\/wp-json\/wp\/v2\/categories?post=243132"},{"taxonomy":"post_tag","embeddable":true,"href":"https:\/\/corrientesdetarde.com\/index.php\/wp-json\/wp\/v2\/tags?post=243132"}],"curies":[{"name":"wp","href":"https:\/\/api.w.org\/{rel}","templated":true}]}}