{"id":243150,"date":"2026-01-16T09:00:23","date_gmt":"2026-01-16T12:00:23","guid":{"rendered":"https:\/\/corrientesdetarde.com\/?p=243150"},"modified":"2026-01-16T09:00:24","modified_gmt":"2026-01-16T12:00:24","slug":"intenso-temporal-de-lluvia-y-viento-causo-anegamientos-en-esquina","status":"publish","type":"post","link":"https:\/\/corrientesdetarde.com\/index.php\/clima\/intenso-temporal-de-lluvia-y-viento-causo-anegamientos-en-esquina\/","title":{"rendered":"Intenso temporal de lluvia y viento caus\u00f3 anegamientos en Esquina"},"content":{"rendered":"\n<p>Bajo Alerta Amarilla, cayeron cerca de 100 mil\u00edmetros de agua en pocas horas. Varias calles quedaron inundadas y hubo viviendas afectadas, aunque no se registraron evacuados.<\/p>\n\n\n\n<p>Tal como estaba previsto por los servicios meteorol\u00f3gicos y bajo Alerta Amarilla, la ciudad de Esquina, en la provincia de Corrientes, fue afectada este jueves por un fuerte temporal de lluvia y viento que gener\u00f3 importantes inconvenientes en distintos puntos del ejido urbano.<\/p>\n\n\n\n<figure class=\"wp-block-image\"><img decoding=\"async\" src=\"https:\/\/www.diarioepoca.com\/content\/bucket\/9\/1470749w790h445c.jpg.webp\" alt=\"\"\/><\/figure>\n\n\n\n<p>El fen\u00f3meno comenz\u00f3 pasadas las 15:30, con intensas precipitaciones acompa\u00f1adas de r\u00e1fagas de viento. Seg\u00fan los registros oficiales, a lo largo de la jornada cayeron aproximadamente 100 mil\u00edmetros de lluvia, lo que provoc\u00f3 anegamientos en varias calles y el ingreso de agua en el interior de algunas viviendas.<\/p>\n\n\n\n<figure class=\"wp-block-image\"><img decoding=\"async\" src=\"https:\/\/www.diarioepoca.com\/content\/bucket\/3\/1470753w790h445c.jpg.webp\" alt=\"\"\/><\/figure>\n\n\n\n<p>En determinados sectores fue necesario interrumpir de manera preventiva el tr\u00e1nsito vehicular, ya que el paso de los autom\u00f3viles agravaba la situaci\u00f3n al generar oleajes que facilitaban el ingreso de agua a los domicilios cercanos. De acuerdo al reporte clim\u00e1tico y policial brindado al medio Actualidad Esquina, se registraron cortes preventivos, algunos de ellos realizados por los propios vecinos ante la obstrucci\u00f3n de bocas de tormenta.<\/p>\n\n\n\n<figure class=\"wp-block-image\"><img decoding=\"async\" src=\"https:\/\/www.diarioepoca.com\/content\/bucket\/1\/1470751w790h1053c.jpg.webp\" alt=\"\"\/><\/figure>\n\n\n\n<p>La zona m\u00e1s afectada fue el Barrio Hospital, donde varias viviendas resultaron inundadas. Ante esta situaci\u00f3n, personal de Defensa Civil Municipal, con el apoyo de maquinarias, llev\u00f3 adelante trabajos de emergencia que incluyeron zanjeos y limpieza de desag\u00fces. Las tareas contin\u00faan y permitieron una r\u00e1pida evacuaci\u00f3n del agua, favorecida adem\u00e1s por la cercan\u00eda con el r\u00edo, lo que gener\u00f3 una pronta bajante.<\/p>\n\n\n\n<figure class=\"wp-block-image\"><img decoding=\"async\" src=\"https:\/\/www.diarioepoca.com\/content\/bucket\/0\/1470750w380h844c.jpg.webp\" alt=\"\"\/><\/figure>\n\n\n\n<p>Desde las autoridades locales informaron que no hubo personas evacuadas ni alojadas en centros asistenciales. No obstante, el relevamiento realizado indica da\u00f1os menores en muebles y electrodom\u00e9sticos en algunas viviendas del sector afectado.<\/p>\n\n\n\n<figure class=\"wp-block-image\"><img decoding=\"async\" src=\"https:\/\/www.diarioepoca.com\/content\/bucket\/2\/1470752w380h844c.jpg.webp\" alt=\"\"\/><\/figure>\n\n\n\n<p>Por su parte, la Polic\u00eda de la Provincia de Corrientes, a trav\u00e9s de la Comisar\u00eda Primera, se mantiene en estado de apresto y a disposici\u00f3n de las autoridades municipales, trabajando de manera conjunta con otras instituciones y realizando recorridas preventivas para monitorear la evoluci\u00f3n de la situaci\u00f3n.<\/p>\n\n\n\n<p>El pron\u00f3stico para la noche indica un 63% de probabilidad de nuevas precipitaciones. Por este motivo, se solicita a la poblaci\u00f3n mantenerse informada y extremar las precauciones ante posibles nuevos eventos clim\u00e1ticos.<\/p>\n","protected":false},"excerpt":{"rendered":"<p>Bajo Alerta Amarilla, cayeron cerca de 100 mil\u00edmetros de agua en pocas horas. Varias calles quedaron inundadas y hubo viviendas afectadas, aunque no se registraron evacuados. Tal como estaba previsto&hellip; <\/p>\n","protected":false},"author":3,"featured_media":243175,"comment_status":"closed","ping_status":"open","sticky":false,"template":"","format":"standard","meta":{"footnotes":""},"categories":[29],"tags":[],"class_list":["post-243150","post","type-post","status-publish","format-standard","has-post-thumbnail","hentry","category-clima"],"_links":{"self":[{"href":"https:\/\/corrientesdetarde.com\/index.php\/wp-json\/wp\/v2\/posts\/243150","targetHints":{"allow":["GET"]}}],"collection":[{"href":"https:\/\/corrientesdetarde.com\/index.php\/wp-json\/wp\/v2\/posts"}],"about":[{"href":"https:\/\/corrientesdetarde.com\/index.php\/wp-json\/wp\/v2\/types\/post"}],"author":[{"embeddable":true,"href":"https:\/\/corrientesdetarde.com\/index.php\/wp-json\/wp\/v2\/users\/3"}],"replies":[{"embeddable":true,"href":"https:\/\/corrientesdetarde.com\/index.php\/wp-json\/wp\/v2\/comments?post=243150"}],"version-history":[{"count":1,"href":"https:\/\/corrientesdetarde.com\/index.php\/wp-json\/wp\/v2\/posts\/243150\/revisions"}],"predecessor-version":[{"id":243190,"href":"https:\/\/corrientesdetarde.com\/index.php\/wp-json\/wp\/v2\/posts\/243150\/revisions\/243190"}],"wp:featuredmedia":[{"embeddable":true,"href":"https:\/\/corrientesdetarde.com\/index.php\/wp-json\/wp\/v2\/media\/243175"}],"wp:attachment":[{"href":"https:\/\/corrientesdetarde.com\/index.php\/wp-json\/wp\/v2\/media?parent=243150"}],"wp:term":[{"taxonomy":"category","embeddable":true,"href":"https:\/\/corrientesdetarde.com\/index.php\/wp-json\/wp\/v2\/categories?post=243150"},{"taxonomy":"post_tag","embeddable":true,"href":"https:\/\/corrientesdetarde.com\/index.php\/wp-json\/wp\/v2\/tags?post=243150"}],"curies":[{"name":"wp","href":"https:\/\/api.w.org\/{rel}","templated":true}]}}