{"id":243155,"date":"2026-01-16T10:00:14","date_gmt":"2026-01-16T13:00:14","guid":{"rendered":"https:\/\/corrientesdetarde.com\/?p=243155"},"modified":"2026-01-16T10:00:23","modified_gmt":"2026-01-16T13:00:23","slug":"el-ministro-lanari-recorrio-el-hospital-de-curuzu-cuatia-y-mercedes","status":"publish","type":"post","link":"https:\/\/corrientesdetarde.com\/index.php\/politica\/el-ministro-lanari-recorrio-el-hospital-de-curuzu-cuatia-y-mercedes\/","title":{"rendered":"El ministro Lanari recorri\u00f3 el Hospital de Curuz\u00fa Cuati\u00e1 y Mercedes"},"content":{"rendered":"\n<p><em>En la ma\u00f1ana de este jueves, funcionarios de la cartera sanitaria estuvieron en los nosocomios. En la oportunidad, dialogaron con el personal de salud y coordinaron acciones.<\/em><\/p>\n\n\n\n<p>El ministro de Salud P\u00fablica de la Provincia, Emilio Lanari, verific\u00f3 este jueves el funcionamiento adecuado de los Hospitales &#8220;Dr. Fernando Irastorza&#8221;&nbsp;de Curuz\u00fa Cuati\u00e1, y &#8220;Las Mercedes&#8221; de la ciudad de Mercedes. En la oportunidad, recorri\u00f3 las instalaciones y dialog\u00f3 con el personal de salud.<\/p>\n\n\n\n<p>En este sentido, destac\u00f3 que, estas instancias, fortalecen la planificaci\u00f3n y el trabajo conjunto para seguir mejorando la calidad de atenci\u00f3n en el sistema de salud p\u00fablica provincial. A su vez, indic\u00f3 que en Curuz\u00fa Cuati\u00e1 se avanzar\u00e1 con obras que faltan y que tienen que ver con el \u00e1rea de Quir\u00f3fanos y Maternidad.<\/p>\n\n\n\n<p>&#8220;Esto es prioridad y por eso vinimos hasta el Hospital, que est\u00e1 centralizando la atenci\u00f3n de la zona centro y sur de la Provincia. Vimos que tienen un muy buen equipamiento en Laboratorio y Hemoterapia\u201d, dijo Lanari y destac\u00f3 adem\u00e1s los quir\u00f3fanos.<\/p>\n\n\n\n<p>Por otra parte, record\u00f3 que es prioritario para el Ministerio la atenci\u00f3n primaria de la salud ya que permite la prevenci\u00f3n de enfermedades cr\u00f3nicas y fortalece los controles de madres y ni\u00f1os por nacer. Tambi\u00e9n, asegura completar el Calendario de Vacunaci\u00f3n, entro otros.<\/p>\n\n\n\n<p>&#8220;Tuvimos la presencia del Ministro para recorrer el hospital y conocer nuestras necesidades, agradecemos su visita&#8221;, expres\u00f3 la directora del hospital &#8220;Irastorza&#8221;,&nbsp;M\u00f3nica Gonz\u00e1lez. Al titular de la cartera sanitaria, acompa\u00f1\u00f3 la directora general de Protecci\u00f3n y Promoci\u00f3n de la Salud, Adela Saade;&nbsp;y el director ejecutivo del Hospital de Campa\u00f1a &#8220;Escuela Hogar&#8221; de la ciudad Capital, Alberto Arregu\u00edn.<\/p>\n\n\n\n<p>Adem\u00e1s, Emilio Lanari se reuni\u00f3 y dialog\u00f3 con la intendenta de Curuz\u00fa Cuati\u00e1, Ver\u00f3nica Esp\u00edndola, con quien recorrieron el Centro Onc\u00f3logico &#8220;Anna Rocca de Bonatti&#8221;.<\/p>\n\n\n\n<p>Por otra parte, ya en el Hospital &#8220;Las Mercedes&#8221;, la comitiva de Salud P\u00fablica fue recibida por la directora de la instituci\u00f3n, Laura Lacour. All\u00ed, recorrieron instalaciones y se convers\u00f3 con el personal del lugar.<\/p>\n\n\n\n<p>El Ministro estuvo acompa\u00f1ado en Mercedes por la subsecretaria de Gesti\u00f3n Sanitaria, Silvina Vega Bajo; el subsecretario de Salud, Luis P\u00e9rez, y el director de Coordinaci\u00f3n de CAPS (Centro de Atenci\u00f3n Primaria de la Salud) Capital, Cristian Sarquis.<\/p>\n","protected":false},"excerpt":{"rendered":"<p>En la ma\u00f1ana de este jueves, funcionarios de la cartera sanitaria estuvieron en los nosocomios. En la oportunidad, dialogaron con el personal de salud y coordinaron acciones. El ministro de&hellip; <\/p>\n","protected":false},"author":3,"featured_media":243173,"comment_status":"closed","ping_status":"open","sticky":false,"template":"","format":"standard","meta":{"footnotes":""},"categories":[3],"tags":[],"class_list":["post-243155","post","type-post","status-publish","format-standard","has-post-thumbnail","hentry","category-politica"],"_links":{"self":[{"href":"https:\/\/corrientesdetarde.com\/index.php\/wp-json\/wp\/v2\/posts\/243155","targetHints":{"allow":["GET"]}}],"collection":[{"href":"https:\/\/corrientesdetarde.com\/index.php\/wp-json\/wp\/v2\/posts"}],"about":[{"href":"https:\/\/corrientesdetarde.com\/index.php\/wp-json\/wp\/v2\/types\/post"}],"author":[{"embeddable":true,"href":"https:\/\/corrientesdetarde.com\/index.php\/wp-json\/wp\/v2\/users\/3"}],"replies":[{"embeddable":true,"href":"https:\/\/corrientesdetarde.com\/index.php\/wp-json\/wp\/v2\/comments?post=243155"}],"version-history":[{"count":2,"href":"https:\/\/corrientesdetarde.com\/index.php\/wp-json\/wp\/v2\/posts\/243155\/revisions"}],"predecessor-version":[{"id":243192,"href":"https:\/\/corrientesdetarde.com\/index.php\/wp-json\/wp\/v2\/posts\/243155\/revisions\/243192"}],"wp:featuredmedia":[{"embeddable":true,"href":"https:\/\/corrientesdetarde.com\/index.php\/wp-json\/wp\/v2\/media\/243173"}],"wp:attachment":[{"href":"https:\/\/corrientesdetarde.com\/index.php\/wp-json\/wp\/v2\/media?parent=243155"}],"wp:term":[{"taxonomy":"category","embeddable":true,"href":"https:\/\/corrientesdetarde.com\/index.php\/wp-json\/wp\/v2\/categories?post=243155"},{"taxonomy":"post_tag","embeddable":true,"href":"https:\/\/corrientesdetarde.com\/index.php\/wp-json\/wp\/v2\/tags?post=243155"}],"curies":[{"name":"wp","href":"https:\/\/api.w.org\/{rel}","templated":true}]}}