{"id":243157,"date":"2026-01-16T10:00:20","date_gmt":"2026-01-16T13:00:20","guid":{"rendered":"https:\/\/corrientesdetarde.com\/?p=243157"},"modified":"2026-01-16T10:00:24","modified_gmt":"2026-01-16T13:00:24","slug":"chamame-con-todos-desembarco-en-el-hogar-nuevo-horizonte","status":"publish","type":"post","link":"https:\/\/corrientesdetarde.com\/index.php\/cultura\/chamame-con-todos-desembarco-en-el-hogar-nuevo-horizonte\/","title":{"rendered":"&#8220;Chamam\u00e9 con Todos&#8221; desembarc\u00f3 en el Hogar &#8220;Nuevo Horizonte&#8221;"},"content":{"rendered":"\n<p>En el marco de la 35\u00aa Fiesta Nacional del Chamam\u00e9, el Programa &#8220;Chamam\u00e9 con Todos&#8221;&nbsp;vivi\u00f3 este mi\u00e9rcoles una jornada cargada de emoci\u00f3n y cultura en el Hogar &#8220;Nuevo Horizonte&#8221;. La iniciativa, que acerca este m\u00fasica a hospitales, geri\u00e1tricos y contextos de encierro, transform\u00f3 el patio de la instituci\u00f3n en una verdadera pista de baile.<\/p>\n\n\n\n<p>Bajo la conducci\u00f3n de Ra\u00fal B\u00e1ez, el evento se extendi\u00f3 por m\u00e1s de una hora, logrando que los m\u00e1s de 50 residentes disfrutaran de un espect\u00e1culo de primer nivel a pesar de las altas temperaturas. El encuentro cont\u00f3 adem\u00e1s con la presencia de Rafael Bustos, Representante Cultural de la ciudad de Corrientes 2025.<\/p>\n\n\n\n<p><strong>Chamam\u00e9 en comunidad<\/strong><\/p>\n\n\n\n<p>La apertura musical estuvo a cargo del d\u00fao Fern\u00e1ndez Del Valle, quienes presentaron un repertorio de temas propios e instrumentales como &#8220;Chamameceando&#8221;&nbsp;y &#8220;\u00d1eca&#8221;. Al ritmo de valseados y chotis, los m\u00fasicos (acompa\u00f1ados en 2 momentos por Felipe Fern\u00e1ndez) encendieron el clima festivo entre los presentes.<\/p>\n\n\n\n<p>Luego fue el turno de Lorena Larrea Catterino, quien inici\u00f3 su presentaci\u00f3n con el cl\u00e1sico &#8220;Cielo de Mantilla&#8221;. Con su calidez habitual, la artista se mezcl\u00f3 entre el p\u00fablico para cantar junto a los residentes, piezas fundamentales del cancionero correntino como &#8220;Pa\u00f1uelito Blanco&#8221;&nbsp;y &#8220;Forastero del Iber\u00e1&#8221;.<\/p>\n\n\n\n<p>A la propuesta musical se sumaron las agrupaciones de baile Guepa Che y Sentido Folclore, ambas de reconocida trayectoria, que aportaron color y movimiento a lo vivido.<\/p>\n\n\n\n<p>De esta manera, &#8220;Chamam\u00e9 con Todos&#8221;&nbsp;logr\u00f3, una vez m\u00e1s, que la esencia de la Fiesta que se desarrolla en el Anfiteatro &#8220;Mario del Tr\u00e1nsito Cocomarola&#8221; se traslade a cada rinc\u00f3n de la ciudad. Fue un espacio de convivencia intergeneracional donde ni\u00f1os, j\u00f3venes y adultos mayores celebraron la identidad correntina y de la regi\u00f3n.<\/p>\n","protected":false},"excerpt":{"rendered":"<p>En el marco de la 35\u00aa Fiesta Nacional del Chamam\u00e9, el Programa &#8220;Chamam\u00e9 con Todos&#8221;&nbsp;vivi\u00f3 este mi\u00e9rcoles una jornada cargada de emoci\u00f3n y cultura en el Hogar &#8220;Nuevo Horizonte&#8221;. La&hellip; <\/p>\n","protected":false},"author":3,"featured_media":243172,"comment_status":"closed","ping_status":"open","sticky":false,"template":"","format":"standard","meta":{"footnotes":""},"categories":[15],"tags":[],"class_list":["post-243157","post","type-post","status-publish","format-standard","has-post-thumbnail","hentry","category-cultura"],"_links":{"self":[{"href":"https:\/\/corrientesdetarde.com\/index.php\/wp-json\/wp\/v2\/posts\/243157","targetHints":{"allow":["GET"]}}],"collection":[{"href":"https:\/\/corrientesdetarde.com\/index.php\/wp-json\/wp\/v2\/posts"}],"about":[{"href":"https:\/\/corrientesdetarde.com\/index.php\/wp-json\/wp\/v2\/types\/post"}],"author":[{"embeddable":true,"href":"https:\/\/corrientesdetarde.com\/index.php\/wp-json\/wp\/v2\/users\/3"}],"replies":[{"embeddable":true,"href":"https:\/\/corrientesdetarde.com\/index.php\/wp-json\/wp\/v2\/comments?post=243157"}],"version-history":[{"count":1,"href":"https:\/\/corrientesdetarde.com\/index.php\/wp-json\/wp\/v2\/posts\/243157\/revisions"}],"predecessor-version":[{"id":243193,"href":"https:\/\/corrientesdetarde.com\/index.php\/wp-json\/wp\/v2\/posts\/243157\/revisions\/243193"}],"wp:featuredmedia":[{"embeddable":true,"href":"https:\/\/corrientesdetarde.com\/index.php\/wp-json\/wp\/v2\/media\/243172"}],"wp:attachment":[{"href":"https:\/\/corrientesdetarde.com\/index.php\/wp-json\/wp\/v2\/media?parent=243157"}],"wp:term":[{"taxonomy":"category","embeddable":true,"href":"https:\/\/corrientesdetarde.com\/index.php\/wp-json\/wp\/v2\/categories?post=243157"},{"taxonomy":"post_tag","embeddable":true,"href":"https:\/\/corrientesdetarde.com\/index.php\/wp-json\/wp\/v2\/tags?post=243157"}],"curies":[{"name":"wp","href":"https:\/\/api.w.org\/{rel}","templated":true}]}}