{"id":243159,"date":"2026-01-16T10:00:22","date_gmt":"2026-01-16T13:00:22","guid":{"rendered":"https:\/\/corrientesdetarde.com\/?p=243159"},"modified":"2026-01-16T10:00:25","modified_gmt":"2026-01-16T13:00:25","slug":"todo-listo-para-vivir-el-ritual-de-las-10-noches-de-chamame-en-el-anfiteatro-cocomarola","status":"publish","type":"post","link":"https:\/\/corrientesdetarde.com\/index.php\/actualidad\/todo-listo-para-vivir-el-ritual-de-las-10-noches-de-chamame-en-el-anfiteatro-cocomarola\/","title":{"rendered":"Todo listo para vivir el ritual de las 10 noches de chamam\u00e9 en el Anfiteatro Cocomarola"},"content":{"rendered":"\n<p>Organizada por el Gobierno de Corrientes a trav\u00e9s del Instituto de Cultura, la 35\u00aa Fiesta Nacional del Chamam\u00e9 comienza este viernes a las 20 horas, sus noches centrales de celebraci\u00f3n en el Anfiteatro &#8220;Mario del Tr\u00e1nsito Cocomarola&#8221;, con m\u00fasica, danza e identidad como protagonistas.&nbsp;Bajo el lema &#8220;Chamam\u00e9, refugio de nuestra identidad&#8221;, la Fiesta Grande se disfruta en distintos puntos de Corrientes, y desde este viernes por la noche empezar\u00e1 a vivirse tambi\u00e9n en el Cocomarola, con la presentaci\u00f3n de los principales exponentes del g\u00e9nero, la sangre joven y los invitados nacionales.<\/p>\n\n\n\n<p>La 35\u00b0 Fiesta Nacional del Chamam\u00e9, 21\u00b0 Fiesta del MERCOSUR&nbsp;y 5\u00b0 Celebraci\u00f3n Mundial inici\u00f3 este s\u00e1bado con propuestas en vivo itinerando por la ciudad Capital&nbsp;y desde el fin de semana en el interior de la Provincia. Adem\u00e1s, desde este viernes llega al m\u00edtico escenario &#8220;Osvaldo Sosa Cordero&#8221;, donde la comunidad local y visitantes se dar\u00e1n cita para esta comuni\u00f3n entre m\u00fasica, danza y un ritual que cada enero pone a Corrientes en el mapa cultural y tur\u00edstico del pa\u00eds.<\/p>\n\n\n\n<p><strong>Entradas<\/strong><\/p>\n\n\n\n<p>Las entradas est\u00e1n a la venta en&nbsp;<a href=\"https:\/\/4ue34.r.a.d.sendibm1.com\/mk\/cl\/f\/sh\/6rqJfgq8dINmNvd2HB7mP7OK8Ju\/gHxB-e33Kc_F\" target=\"_blank\" rel=\"noreferrer noopener\">weepas.ar<\/a>&nbsp;a precios accesibles, $7.000 m\u00e1s cargo por servicio con ingreso hasta las 21.30 horas y $9.000 m\u00e1s cargo por servicio con ingreso sin l\u00edmite horario. Tambi\u00e9n se puede&nbsp;conseguirse en boleter\u00eda del Teatro Oficial &#8220;Juan de Vera&#8221;, en San Juan 637, de 9 a 21 horas y desde este viernes y hasta el 25 de enero, desde las 19 hopras en boleter\u00edas del Anfiteatro Cocomarola.&nbsp;Jubilados que acrediten carnet del Instituto de Previsi\u00f3n Social&nbsp;(IPS) y del Programa de Asistencia M\u00e9dica Integral (PAMI), acceden a un 20% de descuento, menores abonan a partir de los 12 a\u00f1os y personas con discapacidad acceden acreditando Carnet \u00danico de Discapacidad (CUD) y Documento Nacional de Identidad (DNI).<\/p>\n\n\n\n<p><strong>Anfiteatro &#8220;Mario del Tr\u00e1nsito Cocomarola&#8221;<\/strong><\/p>\n\n\n\n<p>Adem\u00e1s de la gran puesta en escena planificada para esta edici\u00f3n en el Sosa Cordero, quienes asistan al Anfiteatro podr\u00e1n disfrutar de propuestas gastron\u00f3micas como las de Cocineros del Iber\u00e1 y otros emprendimientos coordinados por el Ministerio de Desarrollo Social, stands de carteras de turismo de distintas provincias y otros entes gubernamentales locales, adem\u00e1s de emprendimientos del sector privado.<\/p>\n\n\n\n<p><strong>Medios en la fiesta<\/strong><\/p>\n\n\n\n<p>La 35\u00aa Fiesta Nacional del Chamam\u00e9, declarado por la UNESCO&nbsp;en 2020 Patrimonio Cultural Inmaterial de la Humanidad, podr\u00e1 disfrutarse desde el canal oficial de YouTube del Gobierno de Corrientes y desde la plataforma Corrientes Play a trav\u00e9s de la web oficial&nbsp;<a href=\"https:\/\/4ue34.r.a.d.sendibm1.com\/mk\/cl\/f\/sh\/6rqJfgq8dIPRQNvBlUXKKiWFlcw\/R6n14XYvq_-k\" target=\"_blank\" rel=\"noreferrer noopener\">www.corrientesplay.com<\/a>.&nbsp;Tambi\u00e9n la TV P\u00fablica se suma a la divulgaci\u00f3n de la Fiesta grande, as\u00ed como canales de TV de Mato Grosso Do Sul y medios de Corrientes.<\/p>\n\n\n\n<p><strong>Programaci\u00f3n de actividades de la 35\u00b0 FNCH:&nbsp;<\/strong><strong>Viernes 16 de enero<\/strong><\/p>\n\n\n\n<p>-9.30 hs y 13.15 hs. Bienvenida a turistas en Aeropuerto y Terminal de \u00d3mnibus de la ciudad de Corrientes: Ignacio Porras y alumnos de la Escuela de Acorde\u00f3n de la Estaci\u00f3n Cultural<\/p>\n\n\n\n<p>-10 hs. &#8220;Chamam\u00e9 con Todos&#8221;&nbsp;en el Hospital de Salud Mental &#8220;San Francisco de As\u00eds&#8221;: Tono Ben\u00edtez y Los Criollos de Corrientes<\/p>\n\n\n\n<p>-21 a 06 hs. Bailanta Pista &#8220;San Jorge&#8221; en Ruta Nacional 12 KM 1026<\/p>\n\n\n\n<p>Los pr\u00edncipes de Misiones<\/p>\n\n\n\n<p>Samuelito y la fuerza joven<\/p>\n\n\n\n<p>Nuevos cautivadores<\/p>\n\n\n\n<p>Los muchachos del chamame<\/p>\n\n\n\n<p>Los reales del litoral<\/p>\n\n\n\n<p>Los Guepa Ch\u00e9<\/p>\n\n\n\n<p>Los vecinos<\/p>\n\n\n\n<p>-20 hs en adelante (por \u00f3rden alfab\u00e9tico&#8221; en el Anfiteatro Cocomarola<\/p>\n\n\n\n<p>Antonio Tarag\u00f3 Ros<\/p>\n\n\n\n<p>Blas Mart\u00ednez Riera Grupo<\/p>\n\n\n\n<p>Chamam\u00e9 Ku\u00f1\u00e1<\/p>\n\n\n\n<p>Daniel Gim\u00e9nez Tr\u00edo<\/p>\n\n\n\n<p>Ganadora Pre Fiesta Rubro Solista: Andrea Nazarena Escobar<\/p>\n\n\n\n<p>Grupo Buena Fe<\/p>\n\n\n\n<p>Grupo San Jos\u00e9<\/p>\n\n\n\n<p>H\u00e9roes de Malvinas<\/p>\n\n\n\n<p>Ignacio Porra<\/p>\n\n\n\n<p>Juliana Zalazar y su grupo Resplandor<\/p>\n\n\n\n<p>Los \u00c1ngeles Rom\u00e1nticos<\/p>\n\n\n\n<p>Los Nocheros<\/p>\n\n\n\n<p>Los Vecinos<\/p>\n\n\n\n<p>Mario Prieto Linares<\/p>\n\n\n\n<p>Mirian Asuad<\/p>\n\n\n\n<p>Pedro R\u00edos<\/p>\n\n\n\n<p>Richard Esc\u00f3fano.<\/p>\n","protected":false},"excerpt":{"rendered":"<p>Organizada por el Gobierno de Corrientes a trav\u00e9s del Instituto de Cultura, la 35\u00aa Fiesta Nacional del Chamam\u00e9 comienza este viernes a las 20 horas, sus noches centrales de celebraci\u00f3n&hellip; <\/p>\n","protected":false},"author":3,"featured_media":243171,"comment_status":"closed","ping_status":"open","sticky":false,"template":"","format":"standard","meta":{"footnotes":""},"categories":[23],"tags":[],"class_list":["post-243159","post","type-post","status-publish","format-standard","has-post-thumbnail","hentry","category-actualidad"],"_links":{"self":[{"href":"https:\/\/corrientesdetarde.com\/index.php\/wp-json\/wp\/v2\/posts\/243159","targetHints":{"allow":["GET"]}}],"collection":[{"href":"https:\/\/corrientesdetarde.com\/index.php\/wp-json\/wp\/v2\/posts"}],"about":[{"href":"https:\/\/corrientesdetarde.com\/index.php\/wp-json\/wp\/v2\/types\/post"}],"author":[{"embeddable":true,"href":"https:\/\/corrientesdetarde.com\/index.php\/wp-json\/wp\/v2\/users\/3"}],"replies":[{"embeddable":true,"href":"https:\/\/corrientesdetarde.com\/index.php\/wp-json\/wp\/v2\/comments?post=243159"}],"version-history":[{"count":1,"href":"https:\/\/corrientesdetarde.com\/index.php\/wp-json\/wp\/v2\/posts\/243159\/revisions"}],"predecessor-version":[{"id":243194,"href":"https:\/\/corrientesdetarde.com\/index.php\/wp-json\/wp\/v2\/posts\/243159\/revisions\/243194"}],"wp:featuredmedia":[{"embeddable":true,"href":"https:\/\/corrientesdetarde.com\/index.php\/wp-json\/wp\/v2\/media\/243171"}],"wp:attachment":[{"href":"https:\/\/corrientesdetarde.com\/index.php\/wp-json\/wp\/v2\/media?parent=243159"}],"wp:term":[{"taxonomy":"category","embeddable":true,"href":"https:\/\/corrientesdetarde.com\/index.php\/wp-json\/wp\/v2\/categories?post=243159"},{"taxonomy":"post_tag","embeddable":true,"href":"https:\/\/corrientesdetarde.com\/index.php\/wp-json\/wp\/v2\/tags?post=243159"}],"curies":[{"name":"wp","href":"https:\/\/api.w.org\/{rel}","templated":true}]}}