{"id":243217,"date":"2026-01-16T17:05:00","date_gmt":"2026-01-16T20:05:00","guid":{"rendered":"https:\/\/corrientesdetarde.com\/?p=243217"},"modified":"2026-01-16T18:01:38","modified_gmt":"2026-01-16T21:01:38","slug":"el-gobierno-anuncio-que-cerro-2025-con-superavit-fiscal","status":"publish","type":"post","link":"https:\/\/corrientesdetarde.com\/index.php\/politica\/el-gobierno-anuncio-que-cerro-2025-con-superavit-fiscal\/","title":{"rendered":"El Gobierno anunci\u00f3 que cerr\u00f3 2025 con super\u00e1vit fiscal."},"content":{"rendered":"\n<h2 class=\"wp-block-heading\">Lo inform\u00f3 el ministro de Econom\u00eda, Luis Caputo en sus redes sociales. El dato es clave para la negociaci\u00f3n con el Fondo, que se retomar\u00e1 en febrero. Las claves para este a\u00f1o.<\/h2>\n\n\n\n<p>El Gobierno cerr\u00f3 2025 con\u00a0<strong>super\u00e1vit primario de $11.769.219<\/strong>\u00a0<strong>millones equivalente a 1,4% del PBI<\/strong>, inform\u00f3 este viernes el ministro de Econom\u00eda,\u00a0<strong>Luis Caputo<\/strong>.<\/p>\n\n\n\n<p>El dato es clave para la\u00a0negociaci\u00f3n con el Fondo Monetario Internacional\u00a0<strong>(FMI)<\/strong>, que se retomar\u00e1 en febrero.<\/p>\n\n\n\n<p>El resultado financiero positivo se explic\u00f3 por un super\u00e1vit primario de $11.769.219 millones durante diciembre. Con este desempe\u00f1o, el SPN acumul\u00f3 durante el a\u00f1o un super\u00e1vit financiero equivalente a aproximadamente 0,2% del Producto Bruto Interno (PBI) y un super\u00e1vit primario cercano al\u00a0<strong>1,4%<\/strong>\u00a0<strong>del PBI<\/strong>.<\/p>\n\n\n\n<p>\u201cSe trata de la primera vez que se alcanzan<strong>&nbsp;dos a\u00f1os consecutivos de super\u00e1vit financiero base caja desde 2008<\/strong>, y la primera de la serie hist\u00f3rica que comienza en 1993, obteniendo dicho resultado cumpliendo con la totalidad de los servicios de la deuda p\u00fablica del Sector P\u00fablico Nacional\u201d, sostuvo Caputo.<\/p>\n\n\n\n<p>Seg\u00fan coment\u00f3 el ministro de Econom\u00eda, el&nbsp;<strong>gasto primario&nbsp;<\/strong>en 2025 fue 27% inferior al de 2023 en t\u00e9rminos reales. Y subray\u00f3 que esta reducci\u00f3n se alcanz\u00f3 \u201cprotegiendo el gasto en programas sociales sin intermediarios destinados a los sectores m\u00e1s vulnerables\u201d como la AUH y la Tarjeta Alimentar.<\/p>\n\n\n\n<p>En cuanto a los&nbsp;<strong>ingresos<\/strong>, durante diciembre el Estado percibi\u00f3 $12.068.871 millones, lo que implic\u00f3 un&nbsp;<strong>crecimiento interanual del 22,3%<\/strong>. Dentro de ese total, los&nbsp;<strong>recursos tributarios<\/strong>&nbsp;aumentaron 24,8% respecto del mismo mes del a\u00f1o pasado.<\/p>\n\n\n\n<p>El desempe\u00f1o estuvo impulsado principalmente por los<strong>&nbsp;Derechos de Importaci\u00f3n<\/strong>, que subieron 43,3% interanual, junto al impuesto a los&nbsp;<strong>D\u00e9bitos y Cr\u00e9ditos<\/strong>, que acumul\u00f3 el mismo porcentaje.<\/p>\n\n\n\n<p>Tambi\u00e9n mostraron subas relevantes los&nbsp;<strong>Aportes y Contribuciones a la Seguridad Social<\/strong>, con un incremento del 31,1%, Ganancias (28,4%) y el IVA neto de reintegros (26%).<\/p>\n\n\n\n<h2 class=\"wp-block-heading\">Los n\u00fameros del sector p\u00fablico, privado y subsidios<\/h2>\n\n\n\n<p>La<strong>s transferencias corrientes<\/strong>&nbsp;alcanzaron los&nbsp;<strong>$4.222.622 millones<\/strong>, lo que representa un alza interanual de<strong>&nbsp;29,7%<\/strong>. Aquellas correspondientes al<strong>&nbsp;sector privado<\/strong>&nbsp;presentaron un crecimiento de&nbsp;<strong>$870.190&nbsp;<\/strong>millones (35,3%).<\/p>\n\n\n\n<p>Por su parte, las t<strong>ransferencias corrientes al sector p\u00fablico<\/strong>&nbsp;realizadas en diciembre alcanzaron los $843.172 millones (7,%).<\/p>\n\n\n\n<p>Por \u00faltimo, los subsidios econ\u00f3micos se ubicaron en<strong>&nbsp;$957.213 millones<\/strong>&nbsp;(13,4%), donde los energ\u00e9ticos subieron&nbsp;<strong>12,1%<\/strong>, mientras que los destinados al transporte lo hicieron en&nbsp;<strong>19,7%<\/strong>&nbsp;interanual.<\/p>\n\n\n\n<p>\u201cEl ancla fiscal es un pilar fundamental del programa econ\u00f3mico desde el primer mes de gesti\u00f3n, y que se encuentra cristalizado en el Presupuesto 2026.&nbsp;<strong>El orden en las cuentas p\u00fablicas&nbsp;<\/strong>y el crecimiento econ\u00f3mico&nbsp;<strong>permitir\u00e1n continuar devolviendo recursos al sector privado<\/strong>&nbsp;en la forma de reducci\u00f3n de impuestos, que desde 2024 ya alcanz\u00f3 m\u00e1s de 2,5% del PIB\u201d, cerr\u00f3 el jefe de Hacienda.<\/p>\n","protected":false},"excerpt":{"rendered":"<p>Lo inform\u00f3 el ministro de Econom\u00eda, Luis Caputo en sus redes sociales. El dato es clave para la negociaci\u00f3n con el Fondo, que se retomar\u00e1 en febrero. Las claves para&hellip; <\/p>\n","protected":false},"author":6,"featured_media":243220,"comment_status":"closed","ping_status":"open","sticky":false,"template":"","format":"standard","meta":{"footnotes":""},"categories":[3],"tags":[],"class_list":["post-243217","post","type-post","status-publish","format-standard","has-post-thumbnail","hentry","category-politica"],"_links":{"self":[{"href":"https:\/\/corrientesdetarde.com\/index.php\/wp-json\/wp\/v2\/posts\/243217","targetHints":{"allow":["GET"]}}],"collection":[{"href":"https:\/\/corrientesdetarde.com\/index.php\/wp-json\/wp\/v2\/posts"}],"about":[{"href":"https:\/\/corrientesdetarde.com\/index.php\/wp-json\/wp\/v2\/types\/post"}],"author":[{"embeddable":true,"href":"https:\/\/corrientesdetarde.com\/index.php\/wp-json\/wp\/v2\/users\/6"}],"replies":[{"embeddable":true,"href":"https:\/\/corrientesdetarde.com\/index.php\/wp-json\/wp\/v2\/comments?post=243217"}],"version-history":[{"count":1,"href":"https:\/\/corrientesdetarde.com\/index.php\/wp-json\/wp\/v2\/posts\/243217\/revisions"}],"predecessor-version":[{"id":243222,"href":"https:\/\/corrientesdetarde.com\/index.php\/wp-json\/wp\/v2\/posts\/243217\/revisions\/243222"}],"wp:featuredmedia":[{"embeddable":true,"href":"https:\/\/corrientesdetarde.com\/index.php\/wp-json\/wp\/v2\/media\/243220"}],"wp:attachment":[{"href":"https:\/\/corrientesdetarde.com\/index.php\/wp-json\/wp\/v2\/media?parent=243217"}],"wp:term":[{"taxonomy":"category","embeddable":true,"href":"https:\/\/corrientesdetarde.com\/index.php\/wp-json\/wp\/v2\/categories?post=243217"},{"taxonomy":"post_tag","embeddable":true,"href":"https:\/\/corrientesdetarde.com\/index.php\/wp-json\/wp\/v2\/tags?post=243217"}],"curies":[{"name":"wp","href":"https:\/\/api.w.org\/{rel}","templated":true}]}}