{"id":243227,"date":"2026-01-16T17:28:00","date_gmt":"2026-01-16T20:28:00","guid":{"rendered":"https:\/\/corrientesdetarde.com\/?p=243227"},"modified":"2026-01-16T18:25:36","modified_gmt":"2026-01-16T21:25:36","slug":"secuestran-un-camion-vinculado-al-transporte-de-carne-clandestina","status":"publish","type":"post","link":"https:\/\/corrientesdetarde.com\/index.php\/policiales\/secuestran-un-camion-vinculado-al-transporte-de-carne-clandestina\/","title":{"rendered":"Secuestran un cami\u00f3n vinculado al transporte de carne clandestina."},"content":{"rendered":"\n<h2 class=\"wp-block-heading\">El procedimiento se realiz\u00f3 tras allanamientos ordenados por la Justicia. La investigaci\u00f3n se inici\u00f3 d\u00edas atr\u00e1s y ya hay un detenido.<\/h2>\n\n\n\n<p>Efectivos policiales secuestraron un cami\u00f3n t\u00e9rmico presuntamente utilizado para el transporte de carne clandestina en la localidad correntina de La Cruz, en el marco de una investigaci\u00f3n judicial que se encuentra en pleno desarrollo.<\/p>\n\n\n\n<p>El procedimiento se llev\u00f3 a cabo en la jornada del mi\u00e9rcoles 15 de enero, tras un trabajo conjunto y coordinado entre personal de la Comisar\u00eda de Distrito La Cruz, la Unidad Especial de Seguridad Rural y Ecol\u00f3gica de La Cruz, la Divisi\u00f3n GTO y la Divisi\u00f3n Investigaciones de la Unidad Regional N\u00ba IV de Paso de los Libres, con la colaboraci\u00f3n de la unidad fiscal interviniente.<\/p>\n\n\n\n<p>Seg\u00fan informaron fuentes policiales, la causa se origin\u00f3 d\u00edas atr\u00e1s a partir de tareas investigativas que derivaron en la tramitaci\u00f3n de un legajo judicial. En ese contexto, se libraron dos \u00f3rdenes de allanamiento que fueron diligenciadas en el paraje Isoqui, zona rural de la jurisdicci\u00f3n.<\/p>\n\n\n\n<p>En uno de los domicilios allanados, los uniformados lograron el secuestro de un cami\u00f3n con cabina, marca Foton Aumark, el cual habr\u00eda sido utilizado para trasladar carne de manera irregular. Por el mismo hecho, el propietario del rodado se encuentra aprehendido desde d\u00edas anteriores, en el marco de la misma investigaci\u00f3n.<\/p>\n\n\n\n<p>Finalmente, el veh\u00edculo secuestrado fue trasladado a la dependencia policial correspondiente, donde se contin\u00faan con los tr\u00e1mites legales de rigor, quedando a disposici\u00f3n de la Justicia mientras avanza la causa para determinar responsabilidades y el alcance de la maniobra investigada.<\/p>\n\n\n\n<p><\/p>\n","protected":false},"excerpt":{"rendered":"<p>El procedimiento se realiz\u00f3 tras allanamientos ordenados por la Justicia. La investigaci\u00f3n se inici\u00f3 d\u00edas atr\u00e1s y ya hay un detenido. Efectivos policiales secuestraron un cami\u00f3n t\u00e9rmico presuntamente utilizado para&hellip; <\/p>\n","protected":false},"author":6,"featured_media":243229,"comment_status":"closed","ping_status":"open","sticky":false,"template":"","format":"standard","meta":{"footnotes":""},"categories":[33],"tags":[],"class_list":["post-243227","post","type-post","status-publish","format-standard","has-post-thumbnail","hentry","category-policiales"],"_links":{"self":[{"href":"https:\/\/corrientesdetarde.com\/index.php\/wp-json\/wp\/v2\/posts\/243227","targetHints":{"allow":["GET"]}}],"collection":[{"href":"https:\/\/corrientesdetarde.com\/index.php\/wp-json\/wp\/v2\/posts"}],"about":[{"href":"https:\/\/corrientesdetarde.com\/index.php\/wp-json\/wp\/v2\/types\/post"}],"author":[{"embeddable":true,"href":"https:\/\/corrientesdetarde.com\/index.php\/wp-json\/wp\/v2\/users\/6"}],"replies":[{"embeddable":true,"href":"https:\/\/corrientesdetarde.com\/index.php\/wp-json\/wp\/v2\/comments?post=243227"}],"version-history":[{"count":1,"href":"https:\/\/corrientesdetarde.com\/index.php\/wp-json\/wp\/v2\/posts\/243227\/revisions"}],"predecessor-version":[{"id":243231,"href":"https:\/\/corrientesdetarde.com\/index.php\/wp-json\/wp\/v2\/posts\/243227\/revisions\/243231"}],"wp:featuredmedia":[{"embeddable":true,"href":"https:\/\/corrientesdetarde.com\/index.php\/wp-json\/wp\/v2\/media\/243229"}],"wp:attachment":[{"href":"https:\/\/corrientesdetarde.com\/index.php\/wp-json\/wp\/v2\/media?parent=243227"}],"wp:term":[{"taxonomy":"category","embeddable":true,"href":"https:\/\/corrientesdetarde.com\/index.php\/wp-json\/wp\/v2\/categories?post=243227"},{"taxonomy":"post_tag","embeddable":true,"href":"https:\/\/corrientesdetarde.com\/index.php\/wp-json\/wp\/v2\/tags?post=243227"}],"curies":[{"name":"wp","href":"https:\/\/api.w.org\/{rel}","templated":true}]}}