{"id":243230,"date":"2026-01-16T18:00:00","date_gmt":"2026-01-16T21:00:00","guid":{"rendered":"https:\/\/corrientesdetarde.com\/?p=243230"},"modified":"2026-01-16T18:35:06","modified_gmt":"2026-01-16T21:35:06","slug":"confirmado-la-fiesta-del-chamame-inicia-este-viernes","status":"publish","type":"post","link":"https:\/\/corrientesdetarde.com\/index.php\/cultura\/confirmado-la-fiesta-del-chamame-inicia-este-viernes\/","title":{"rendered":"Confirmado: la Fiesta del Chamam\u00e9 inicia este viernes."},"content":{"rendered":"\n<h2 class=\"wp-block-heading\">El Instituto de Cultura de Corrientes confirm\u00f3 que este viernes se desarrollar\u00e1 la primera noche de la Fiesta Nacional del Chamam\u00e9 2026.<\/h2>\n\n\n\n<p>Luego de una jornada de incertidumbre marcada por las\u00a0<strong>intensas lluvias<\/strong>\u00a0que afectaron a la capital correntina, la organizaci\u00f3n de la\u00a0<strong>35\u00aa Fiesta Nacional del Chamam\u00e9<\/strong>\u00a0confirm\u00f3 que el evento no se suspende.<\/p>\n\n\n\n<p>El escenario\u00a0<strong>Osvaldo Sosa Cordero<\/strong>\u00a0est\u00e1 listo para recibir a la &#8220;Naci\u00f3n Chamamecera&#8221; en su jornada de apertura.<\/p>\n\n\n\n<p>No obstante, las inclemencias del tiempo obligaron a realizar un ajuste en la programaci\u00f3n. A trav\u00e9s de sus redes sociales, el&nbsp;<strong>Gobierno de Corrientes<\/strong>&nbsp;inform\u00f3 que la transmisi\u00f3n oficial y el inicio formal de las actuaciones comenzar\u00e1n a las&nbsp;<strong>21:00<\/strong>, una hora despu\u00e9s de lo que estaba estipulado originalmente.<\/p>\n\n\n\n<figure class=\"wp-block-image size-full\"><img loading=\"lazy\" decoding=\"async\" width=\"446\" height=\"794\" src=\"https:\/\/corrientesdetarde.com\/wp-content\/uploads\/2026\/01\/image-308.png\" alt=\"\" class=\"wp-image-243232\" srcset=\"https:\/\/corrientesdetarde.com\/wp-content\/uploads\/2026\/01\/image-308.png 446w, https:\/\/corrientesdetarde.com\/wp-content\/uploads\/2026\/01\/image-308-169x300.png 169w\" sizes=\"auto, (max-width: 446px) 100vw, 446px\" \/><\/figure>\n\n\n\n<h2 class=\"wp-block-heading\">Grilla de artistas.<\/h2>\n\n\n\n<p>Bajo el lema&nbsp;<em>&#8220;Refugio de Nuestra Identidad&#8221;<\/em>, la edici\u00f3n&nbsp;<strong>2026<\/strong>&nbsp;mantiene su promesa de renovaci\u00f3n est\u00e9tica y t\u00e9cnica. Pese al barro y la humedad reinante en los alrededores del predio, se espera una concurrencia masiva para ver a los grandes exponentes del g\u00e9nero y a los invitados nacionales que dar\u00e1n el puntapi\u00e9 inicial.<\/p>\n\n\n\n<p>La primera noche tendr\u00e1 una grilla de alto impacto que combina la tradici\u00f3n con la proyecci\u00f3n nacional. Entre los artistas destacados para la apertura se encuentran el correntino\u00a0<strong>Antonio Tarrag\u00f3 Ros<\/strong>, el talento joven de\u00a0<strong>Pedro R\u00edos<\/strong>, el bandoneonista\u00a0<strong>Richard Sc\u00f3fano<\/strong>\u00a0y la participaci\u00f3n especial del grupo salte\u00f1o\u00a0<strong>Los Nocheros<\/strong>, quienes vuelven a pisar el suelo del\u00a0<strong>Cocomarola<\/strong>.<\/p>\n\n\n\n<h2 class=\"wp-block-heading\">Entradas y beneficios: cu\u00e1nto cuesta ir al Cocomarola<\/h2>\n\n\n\n<p>Las localidades pueden adquirirse de manera online a trav\u00e9s de la plataforma&nbsp;<a target=\"_blank\" href=\"https:\/\/weepas.ar\/\" rel=\"noreferrer noopener\"><strong>weepas<\/strong><\/a>&nbsp;o de forma presencial en el&nbsp;<strong>Teatro Vera<\/strong>&nbsp;(9 a 21 hs). A partir de este viernes, tambi\u00e9n se habilitar\u00e1n las boleter\u00edas del Anfiteatro desde las 19:00.<\/p>\n\n\n\n<p>P<strong>recios y opciones:<\/strong><\/p>\n\n\n\n<ul class=\"wp-block-list\">\n<li><strong>Entrada Promocional:<\/strong>\u00a0$7.000 (m\u00e1s service charge). V\u00e1lida con ingreso al predio hasta las 21:30.<\/li>\n\n\n\n<li><strong>Entrada General:<\/strong>\u00a0$9.000 (m\u00e1s service charge). Sin l\u00edmite de horario de ingreso.<\/li>\n\n\n\n<li><strong>Jubilados (IPS y PAMI):<\/strong>\u00a0Cuentan con un\u00a0<strong>20% de descuento<\/strong>\u00a0acreditando el carnet correspondiente.<\/li>\n\n\n\n<li><strong>Menores:<\/strong>\u00a0Abonan entrada a partir de los 12 a\u00f1os.<\/li>\n\n\n\n<li><strong>Personas con discapacidad:<\/strong>\u00a0Ingreso gratuito acreditando CUD y DNI.<\/li>\n<\/ul>\n\n\n\n<h2 class=\"wp-block-heading\">Gastronom\u00eda y transmisi\u00f3n en vivo<\/h2>\n\n\n\n<p>El predio del&nbsp;<strong>Anfiteatro Cocomarola<\/strong>&nbsp;no solo ofrecer\u00e1 m\u00fasica. Los asistentes podr\u00e1n disfrutar de la propuesta de&nbsp;<strong>Cocineros del Iber\u00e1<\/strong>, con platos t\u00edpicos de la regi\u00f3n, y una feria de emprendedores coordinada por el Ministerio de Desarrollo Social. Adem\u00e1s, habr\u00e1 stands tur\u00edsticos de diversas provincias que acompa\u00f1an el evento.<\/p>\n\n\n\n<p>Para quienes no puedan asistir, la Fiesta \u2014declarada&nbsp;<strong>Patrimonio Cultural Inmaterial de la Humanidad<\/strong>\u2014 tendr\u00e1 una cobertura integral. La transmisi\u00f3n podr\u00e1 seguirse por la&nbsp;<strong>TV P\u00fablica<\/strong>, los canales locales y las plataformas digitales:<\/p>\n\n\n\n<ul class=\"wp-block-list\">\n<li><strong>YouTube:<\/strong>\u00a0Canal oficial del Gobierno de Corrientes.<\/li>\n\n\n\n<li><strong>Corrientes Play:<\/strong>\u00a0A trav\u00e9s de la web\u00a0<a href=\"https:\/\/corrientesplay.ar\/\" target=\"_blank\" rel=\"noreferrer noopener\">corrientesplay.ar<\/a><\/li>\n<\/ul>\n\n\n\n<h2 class=\"wp-block-heading\">Grilla completa<\/h2>\n\n\n\n<ul class=\"wp-block-list\">\n<li>Antonio Tarag\u00f3 Ros<\/li>\n\n\n\n<li>Blas Mart\u00ednez Riera Grupo<\/li>\n\n\n\n<li>Chamam\u00e9 Ku\u00f1\u00e1<\/li>\n\n\n\n<li>Daniel Gim\u00e9nez Tr\u00edo<\/li>\n\n\n\n<li>Ganadora Pre Fiesta Rubro Solista: Andrea Nazarena Escobar<\/li>\n\n\n\n<li>Grupo Buena Fe<\/li>\n\n\n\n<li>Grupo San Jos\u00e9<\/li>\n\n\n\n<li>H\u00e9roes de Malvinas<\/li>\n\n\n\n<li>Ignacio Porra<\/li>\n\n\n\n<li>Juliana Zalazar y su grupo Resplandor<\/li>\n\n\n\n<li>Los \u00c1ngeles Rom\u00e1nticos<\/li>\n\n\n\n<li>Los Nocheros<\/li>\n\n\n\n<li>Los Vecinos<\/li>\n\n\n\n<li>Mario Prieto Linares<\/li>\n\n\n\n<li>Mirian Asuad<\/li>\n\n\n\n<li>Pedro R\u00edos<\/li>\n\n\n\n<li>Richard Esc\u00f3fano<\/li>\n<\/ul>\n\n\n\n<h2 class=\"wp-block-heading\">Recomendaciones para los asistentes<\/h2>\n\n\n\n<p>Desde la organizaci\u00f3n sugieren a quienes asistan al&nbsp;<strong>Anfiteatro Cocomarola<\/strong>&nbsp;circular con precauci\u00f3n en los accesos debido a la acumulaci\u00f3n de agua en algunas arterias de la zona. Las boleter\u00edas del predio permanecen abiertas para quienes deseen adquirir sus entradas de \u00faltimo momento, recordando que el ingreso promocional se mantendr\u00e1 vigente seg\u00fan las nuevas pautas horarias.<\/p>\n\n\n\n<p><\/p>\n","protected":false},"excerpt":{"rendered":"<p>El Instituto de Cultura de Corrientes confirm\u00f3 que este viernes se desarrollar\u00e1 la primera noche de la Fiesta Nacional del Chamam\u00e9 2026. Luego de una jornada de incertidumbre marcada por&hellip; <\/p>\n","protected":false},"author":6,"featured_media":243233,"comment_status":"closed","ping_status":"open","sticky":false,"template":"","format":"standard","meta":{"footnotes":""},"categories":[15,22],"tags":[],"class_list":["post-243230","post","type-post","status-publish","format-standard","has-post-thumbnail","hentry","category-cultura","category-eventos"],"_links":{"self":[{"href":"https:\/\/corrientesdetarde.com\/index.php\/wp-json\/wp\/v2\/posts\/243230","targetHints":{"allow":["GET"]}}],"collection":[{"href":"https:\/\/corrientesdetarde.com\/index.php\/wp-json\/wp\/v2\/posts"}],"about":[{"href":"https:\/\/corrientesdetarde.com\/index.php\/wp-json\/wp\/v2\/types\/post"}],"author":[{"embeddable":true,"href":"https:\/\/corrientesdetarde.com\/index.php\/wp-json\/wp\/v2\/users\/6"}],"replies":[{"embeddable":true,"href":"https:\/\/corrientesdetarde.com\/index.php\/wp-json\/wp\/v2\/comments?post=243230"}],"version-history":[{"count":1,"href":"https:\/\/corrientesdetarde.com\/index.php\/wp-json\/wp\/v2\/posts\/243230\/revisions"}],"predecessor-version":[{"id":243234,"href":"https:\/\/corrientesdetarde.com\/index.php\/wp-json\/wp\/v2\/posts\/243230\/revisions\/243234"}],"wp:featuredmedia":[{"embeddable":true,"href":"https:\/\/corrientesdetarde.com\/index.php\/wp-json\/wp\/v2\/media\/243233"}],"wp:attachment":[{"href":"https:\/\/corrientesdetarde.com\/index.php\/wp-json\/wp\/v2\/media?parent=243230"}],"wp:term":[{"taxonomy":"category","embeddable":true,"href":"https:\/\/corrientesdetarde.com\/index.php\/wp-json\/wp\/v2\/categories?post=243230"},{"taxonomy":"post_tag","embeddable":true,"href":"https:\/\/corrientesdetarde.com\/index.php\/wp-json\/wp\/v2\/tags?post=243230"}],"curies":[{"name":"wp","href":"https:\/\/api.w.org\/{rel}","templated":true}]}}