{"id":243235,"date":"2026-01-16T18:07:00","date_gmt":"2026-01-16T21:07:00","guid":{"rendered":"https:\/\/corrientesdetarde.com\/?p=243235"},"modified":"2026-01-16T19:10:58","modified_gmt":"2026-01-16T22:10:58","slug":"un-turista-se-descompenso-y-murio-en-la-frontera-entre-paso-de-los-libres-y-brasil","status":"publish","type":"post","link":"https:\/\/corrientesdetarde.com\/index.php\/policiales\/un-turista-se-descompenso-y-murio-en-la-frontera-entre-paso-de-los-libres-y-brasil\/","title":{"rendered":"Un turista se descompens\u00f3 y muri\u00f3 en la frontera entre Paso de los Libres y Brasil."},"content":{"rendered":"\n<h2 class=\"wp-block-heading\">El hombre, de 53 a\u00f1os, se desvaneci\u00f3 en el complejo aduanero que une Paso de los Libres con Uruguaiana y falleci\u00f3 pese a las maniobras de reanimaci\u00f3n.<\/h2>\n\n\n\n<p>Un hombre de nacionalidad argentina, de 53 a\u00f1os, muri\u00f3 este jueves luego de sufrir una descompensaci\u00f3n en el complejo fronterizo que conecta la ciudad correntina de Paso de los Libres con Uruguaiana, en el estado brasile\u00f1o de Rio Grande do Sul. El episodio gener\u00f3 conmoci\u00f3n entre turistas y transportistas que se encontraban realizando tr\u00e1mites en la zona de control aduanero.<\/p>\n\n\n\n<p>Seg\u00fan los primeros reportes de las autoridades brasile\u00f1as, el ciudadano comenz\u00f3 a sentirse mal de manera repentina mientras se hallaba en las oficinas de migraciones del lado brasile\u00f1o de la frontera. Testigos alertaron de inmediato a las fuerzas de seguridad, que solicitaron la intervenci\u00f3n del Servicio M\u00f3vil de Urgencias (SAMU).<\/p>\n\n\n\n<p>Los param\u00e9dicos arribaron r\u00e1pidamente al lugar y realizaron intensas maniobras de reanimaci\u00f3n, incluyendo masajes card\u00edacos, durante varios minutos. Luego, el hombre fue trasladado de urgencia en una ambulancia, aunque pese a los esfuerzos m\u00e9dicos se confirm\u00f3 su fallecimiento poco despu\u00e9s.<\/p>\n\n\n\n<p>El caso qued\u00f3 bajo la \u00f3rbita de las autoridades de Uruguaiana, que iniciaron una investigaci\u00f3n para determinar la causa exacta de la muerte. De manera preliminar, no se descarta que haya sufrido un paro cardiorrespiratorio, a la espera de los resultados de las pericias forenses. En tanto, el tr\u00e1nsito en el puente internacional Get\u00falio Vargas\u2013Agust\u00edn P. Justo no registr\u00f3 interrupciones prolongadas, aunque el \u00e1rea del control aduanero brasile\u00f1o permaneci\u00f3 moment\u00e1neamente bajo resguardo policial durante el operativo de emergencia.<\/p>\n","protected":false},"excerpt":{"rendered":"<p>El hombre, de 53 a\u00f1os, se desvaneci\u00f3 en el complejo aduanero que une Paso de los Libres con Uruguaiana y falleci\u00f3 pese a las maniobras de reanimaci\u00f3n. Un hombre de&hellip; <\/p>\n","protected":false},"author":6,"featured_media":243236,"comment_status":"closed","ping_status":"open","sticky":false,"template":"","format":"standard","meta":{"footnotes":""},"categories":[33],"tags":[],"class_list":["post-243235","post","type-post","status-publish","format-standard","has-post-thumbnail","hentry","category-policiales"],"_links":{"self":[{"href":"https:\/\/corrientesdetarde.com\/index.php\/wp-json\/wp\/v2\/posts\/243235","targetHints":{"allow":["GET"]}}],"collection":[{"href":"https:\/\/corrientesdetarde.com\/index.php\/wp-json\/wp\/v2\/posts"}],"about":[{"href":"https:\/\/corrientesdetarde.com\/index.php\/wp-json\/wp\/v2\/types\/post"}],"author":[{"embeddable":true,"href":"https:\/\/corrientesdetarde.com\/index.php\/wp-json\/wp\/v2\/users\/6"}],"replies":[{"embeddable":true,"href":"https:\/\/corrientesdetarde.com\/index.php\/wp-json\/wp\/v2\/comments?post=243235"}],"version-history":[{"count":1,"href":"https:\/\/corrientesdetarde.com\/index.php\/wp-json\/wp\/v2\/posts\/243235\/revisions"}],"predecessor-version":[{"id":243238,"href":"https:\/\/corrientesdetarde.com\/index.php\/wp-json\/wp\/v2\/posts\/243235\/revisions\/243238"}],"wp:featuredmedia":[{"embeddable":true,"href":"https:\/\/corrientesdetarde.com\/index.php\/wp-json\/wp\/v2\/media\/243236"}],"wp:attachment":[{"href":"https:\/\/corrientesdetarde.com\/index.php\/wp-json\/wp\/v2\/media?parent=243235"}],"wp:term":[{"taxonomy":"category","embeddable":true,"href":"https:\/\/corrientesdetarde.com\/index.php\/wp-json\/wp\/v2\/categories?post=243235"},{"taxonomy":"post_tag","embeddable":true,"href":"https:\/\/corrientesdetarde.com\/index.php\/wp-json\/wp\/v2\/tags?post=243235"}],"curies":[{"name":"wp","href":"https:\/\/api.w.org\/{rel}","templated":true}]}}