{"id":243256,"date":"2026-01-16T19:14:00","date_gmt":"2026-01-16T22:14:00","guid":{"rendered":"https:\/\/corrientesdetarde.com\/?p=243256"},"modified":"2026-01-16T20:07:12","modified_gmt":"2026-01-16T23:07:12","slug":"kennys-palacios-hablo-de-su-salud-tras-su-desmayo-en-plena-entrevista","status":"publish","type":"post","link":"https:\/\/corrientesdetarde.com\/index.php\/espectaculos\/kennys-palacios-hablo-de-su-salud-tras-su-desmayo-en-plena-entrevista\/","title":{"rendered":"Kennys Palacios habl\u00f3 de su salud tras su desmayo en plena entrevista."},"content":{"rendered":"\n<h2 class=\"wp-block-heading\">El estilista aclar\u00f3 que est\u00e1 bien y que solo se le baj\u00f3 la presi\u00f3n.<\/h2>\n\n\n\n<p><strong>Kennys Palacios\u00a0protagoniz\u00f3 un tenso momento<\/strong>\u00a0mientras hac\u00eda una entrevista con Mariano de la Canal al aire de\u00a0<em>Como si nadie escuchara<\/em>. El estilista estaba en plena charla con el conductor del ciclo cuando comunic\u00f3 que no se sent\u00eda bien y, acto seguido,\u00a0<strong>se descompens\u00f3<\/strong>.<\/p>\n\n\n\n<p>\u201cChicos, Kennys se est\u00e1 desmayando. Chicos, agua. Traigan algo para tomar, se siente mal.\u00a0<strong>Un caf\u00e9, que se siente mal&#8230; \u00a1se desmay\u00f3!<\/strong>\u201d, expres\u00f3 De la Canal a las personas que estaban detr\u00e1s de c\u00e1mara. Al instante, Kennys se desmoron\u00f3 en el sill\u00f3n.<\/p>\n\n\n\n<p>Tras la viralizaci\u00f3n del video, el mejor amigo de Wanda Nara aclar\u00f3 c\u00f3mo est\u00e1 su salud. Asegur\u00f3 que solo fue un susto: \u201cEstoy bien,\u00a0<strong>se me baj\u00f3 un poco la presi\u00f3n ese d\u00eda<\/strong>, pero estoy s\u00faper\u201d. Adem\u00e1s, aclar\u00f3 que el episodio del podcast se grab\u00f3 hace aproximadamente dos semanas.<\/p>\n\n\n\n<p>El fragmento de la secuencia no tard\u00f3 en recorrer las redes sociales, en donde muchos usuarios\u00a0<strong>dudaron sobre la veracidad de lo ocurrido<\/strong>. &#8220;Ni en la novela de Barbie V\u00e9lez y Jujuy se vio algo as\u00ed\u201c, escribi\u00f3 @lamascarada en X. \u201cPara m\u00ed est\u00e1 embarazada\u201d, brome\u00f3 otra persona. \u201cNi Estevanez hizo tremenda actuaci\u00f3n\u201d, opin\u00f3 alguien m\u00e1s.<\/p>\n\n\n\n<p><\/p>\n","protected":false},"excerpt":{"rendered":"<p>El estilista aclar\u00f3 que est\u00e1 bien y que solo se le baj\u00f3 la presi\u00f3n. Kennys Palacios\u00a0protagoniz\u00f3 un tenso momento\u00a0mientras hac\u00eda una entrevista con Mariano de la Canal al aire de\u00a0Como&hellip; <\/p>\n","protected":false},"author":6,"featured_media":243257,"comment_status":"closed","ping_status":"open","sticky":false,"template":"","format":"standard","meta":{"footnotes":""},"categories":[19],"tags":[],"class_list":["post-243256","post","type-post","status-publish","format-standard","has-post-thumbnail","hentry","category-espectaculos"],"_links":{"self":[{"href":"https:\/\/corrientesdetarde.com\/index.php\/wp-json\/wp\/v2\/posts\/243256","targetHints":{"allow":["GET"]}}],"collection":[{"href":"https:\/\/corrientesdetarde.com\/index.php\/wp-json\/wp\/v2\/posts"}],"about":[{"href":"https:\/\/corrientesdetarde.com\/index.php\/wp-json\/wp\/v2\/types\/post"}],"author":[{"embeddable":true,"href":"https:\/\/corrientesdetarde.com\/index.php\/wp-json\/wp\/v2\/users\/6"}],"replies":[{"embeddable":true,"href":"https:\/\/corrientesdetarde.com\/index.php\/wp-json\/wp\/v2\/comments?post=243256"}],"version-history":[{"count":1,"href":"https:\/\/corrientesdetarde.com\/index.php\/wp-json\/wp\/v2\/posts\/243256\/revisions"}],"predecessor-version":[{"id":243258,"href":"https:\/\/corrientesdetarde.com\/index.php\/wp-json\/wp\/v2\/posts\/243256\/revisions\/243258"}],"wp:featuredmedia":[{"embeddable":true,"href":"https:\/\/corrientesdetarde.com\/index.php\/wp-json\/wp\/v2\/media\/243257"}],"wp:attachment":[{"href":"https:\/\/corrientesdetarde.com\/index.php\/wp-json\/wp\/v2\/media?parent=243256"}],"wp:term":[{"taxonomy":"category","embeddable":true,"href":"https:\/\/corrientesdetarde.com\/index.php\/wp-json\/wp\/v2\/categories?post=243256"},{"taxonomy":"post_tag","embeddable":true,"href":"https:\/\/corrientesdetarde.com\/index.php\/wp-json\/wp\/v2\/tags?post=243256"}],"curies":[{"name":"wp","href":"https:\/\/api.w.org\/{rel}","templated":true}]}}