{"id":243259,"date":"2026-01-16T19:21:00","date_gmt":"2026-01-16T22:21:00","guid":{"rendered":"https:\/\/corrientesdetarde.com\/?p=243259"},"modified":"2026-01-16T20:11:10","modified_gmt":"2026-01-16T23:11:10","slug":"un-satelite-argentino-sera-parte-de-la-mision-de-la-nasa-que-viajara-a-la-luna","status":"publish","type":"post","link":"https:\/\/corrientesdetarde.com\/index.php\/destacados\/un-satelite-argentino-sera-parte-de-la-mision-de-la-nasa-que-viajara-a-la-luna\/","title":{"rendered":"Un sat\u00e9lite argentino ser\u00e1 parte de la misi\u00f3n de la NASA que viajar\u00e1 a la Luna."},"content":{"rendered":"\n<h2 class=\"wp-block-heading\">As\u00ed lo confirm\u00f3 el Gobierno a trav\u00e9s de un comunicado. \u201cEsto demuestra el alto nivel de las capacidades t\u00e9cnicas y operativas que mantiene la Rep\u00fablica Argentina\u201d, se\u00f1ala el documento.<\/h2>\n\n\n\n<p><strong>Un sat\u00e9lite argentino ser\u00e1 parte de la\u00a0misi\u00f3n Artemis II de la NASA para volver a la Luna<\/strong>. As\u00ed lo confirm\u00f3 el Gobierno de Javier Milei a trav\u00e9s de un comunicado. Est\u00e1 programada para\u00a0<strong>el 6 de febrero\u00a0<\/strong>y ser\u00e1\u00a0<strong>la primera en m\u00e1s de 50 a\u00f1os<\/strong>, tras el fin del Programa Apolo en 1972.<\/p>\n\n\n\n<p>De acuerdo a lo informado este viernes, durante el lanzamiento, se desplegar\u00e1 el\u00a0<strong>microsat\u00e9lite argentino Atenea<\/strong>\u00a0de la Comisi\u00f3n Nacional de Actividades Espaciales (CONAE). Fue desarrollado en conjunto con la empresa argentina VENG S.A., adem\u00e1s del Instituto Argentino de Radioastronom\u00eda (IAR), la Comisi\u00f3n Nacional de Energ\u00eda At\u00f3mica (CNEA), la Universidad Nacional de La Plata (UNLP), la Universidad Nacional de San Mart\u00edn (UNSAM), y la Facultad de Ingenier\u00eda de la Universidad de Buenos Aires (FIUBA).<\/p>\n\n\n\n<p>\u201cEste microsat\u00e9lite argentino permitir\u00e1 validar tecnolog\u00edas cr\u00edticas para futuras misiones espaciales d\u00e1ndole informaci\u00f3n fundamental a la NASA\u201d, indic\u00f3 el Gobierno. Una vez en el espacio, Atenea medir\u00e1 radiaci\u00f3n en \u00f3rbitas profundas, evaluar\u00e1 componentes para uso espacial, captar\u00e1 datos GPS para \u00f3rbitas de transferencia geoestacionaria, y validar\u00e1 enlaces de comunicaci\u00f3n de largo alcance.<\/p>\n\n\n\n<p>En esta primera etapa, los astronautas no viajar\u00e1n a la Luna, sino que dar\u00e1n una vuelta por detr\u00e1s, lo cual los ubicar\u00e1 a\u00a0<strong>una distancia r\u00e9cord de 72.000 km de la Tierra.<\/strong><\/p>\n\n\n\n<p>\u201cEl lanzamiento de Artemis II, con tripulantes a bordo, requiere los est\u00e1ndares de calidad y confiabilidad m\u00e1s exigentes del mundo para actividades espaciales, por lo que quedar seleccionado&nbsp;<strong>demuestra el alto nivel de las capacidades t\u00e9cnicas y operativas que mantiene la Rep\u00fablica Argentina<\/strong>\u201d, se\u00f1alaron en el Ejecutivo. Y finalizaron: \u201cEl desarrollo tecnol\u00f3gico y la investigaci\u00f3n en asuntos estrat\u00e9gicos es la prioridad de la inversi\u00f3n en ciencia de este Gobierno, mientras se eficientizan los recursos a partir de la&nbsp;<strong>eliminaci\u00f3n de gastos innecesarios en \u00e1reas sociales o politol\u00f3gicas<\/strong>\u201d.<\/p>\n\n\n\n<h2 class=\"wp-block-heading\">C\u00f3mo es la nueva misi\u00f3n de la NASA a Luna<\/h2>\n\n\n\n<p>El plan forma parte de una estrategia de largo plazo. La NASA apunta a&nbsp;<strong>establecer una presencia humana sostenida en la Luna<\/strong>, tanto para investigaci\u00f3n cient\u00edfica como para ensayar tecnolog\u00edas que luego s<strong>er\u00e1n clave en futuras misiones tripuladas a Marte.<\/strong><\/p>\n\n\n\n<p>Artemis II es el paso intermedio entre el vuelo no tripulado de Artemis I y Artemis III, la&nbsp;<strong>misi\u00f3n que s\u00ed tiene planeado el regreso humano a la superficie lunar.<\/strong><\/p>\n\n\n\n<p>En cuanto a su tripulaci\u00f3n,&nbsp;<strong>la misi\u00f3n estar\u00e1 compuesta por cuatro astronautas<\/strong>: Reid Wiseman ser\u00e1 el comandante y estar\u00e1 acompa\u00f1ado por Victor Glover, piloto y Christina Koch, especialista. A ellos se suma Jeremy Hansen, astronauta de la Agencia Espacial Canadiense, en una se\u00f1al clara del car\u00e1cter internacional del programa Artemis.<\/p>\n\n\n\n<p>El despegue se realizar\u00e1 desde el Centro Espacial Kennedy, en Florida, a bordo del cohete Space Launch System (SLS), el lanzador m\u00e1s potente desarrollado por la NASA hasta ahora. La secuencia inicial ser\u00e1 similar a la de Artemis I, aunque con una diferencia fundamental: esta vez habr\u00e1 personas a bordo.<\/p>\n","protected":false},"excerpt":{"rendered":"<p>As\u00ed lo confirm\u00f3 el Gobierno a trav\u00e9s de un comunicado. \u201cEsto demuestra el alto nivel de las capacidades t\u00e9cnicas y operativas que mantiene la Rep\u00fablica Argentina\u201d, se\u00f1ala el documento. Un&hellip; <\/p>\n","protected":false},"author":6,"featured_media":243260,"comment_status":"closed","ping_status":"open","sticky":false,"template":"","format":"standard","meta":{"footnotes":""},"categories":[26],"tags":[],"class_list":["post-243259","post","type-post","status-publish","format-standard","has-post-thumbnail","hentry","category-destacados"],"_links":{"self":[{"href":"https:\/\/corrientesdetarde.com\/index.php\/wp-json\/wp\/v2\/posts\/243259","targetHints":{"allow":["GET"]}}],"collection":[{"href":"https:\/\/corrientesdetarde.com\/index.php\/wp-json\/wp\/v2\/posts"}],"about":[{"href":"https:\/\/corrientesdetarde.com\/index.php\/wp-json\/wp\/v2\/types\/post"}],"author":[{"embeddable":true,"href":"https:\/\/corrientesdetarde.com\/index.php\/wp-json\/wp\/v2\/users\/6"}],"replies":[{"embeddable":true,"href":"https:\/\/corrientesdetarde.com\/index.php\/wp-json\/wp\/v2\/comments?post=243259"}],"version-history":[{"count":1,"href":"https:\/\/corrientesdetarde.com\/index.php\/wp-json\/wp\/v2\/posts\/243259\/revisions"}],"predecessor-version":[{"id":243262,"href":"https:\/\/corrientesdetarde.com\/index.php\/wp-json\/wp\/v2\/posts\/243259\/revisions\/243262"}],"wp:featuredmedia":[{"embeddable":true,"href":"https:\/\/corrientesdetarde.com\/index.php\/wp-json\/wp\/v2\/media\/243260"}],"wp:attachment":[{"href":"https:\/\/corrientesdetarde.com\/index.php\/wp-json\/wp\/v2\/media?parent=243259"}],"wp:term":[{"taxonomy":"category","embeddable":true,"href":"https:\/\/corrientesdetarde.com\/index.php\/wp-json\/wp\/v2\/categories?post=243259"},{"taxonomy":"post_tag","embeddable":true,"href":"https:\/\/corrientesdetarde.com\/index.php\/wp-json\/wp\/v2\/tags?post=243259"}],"curies":[{"name":"wp","href":"https:\/\/api.w.org\/{rel}","templated":true}]}}