{"id":243261,"date":"2026-01-16T19:28:00","date_gmt":"2026-01-16T22:28:00","guid":{"rendered":"https:\/\/corrientesdetarde.com\/?p=243261"},"modified":"2026-01-16T20:13:53","modified_gmt":"2026-01-16T23:13:53","slug":"revelaron-imagenes-de-la-operacion-para-sacar-a-maria-corina-machado-de-venezuela","status":"publish","type":"post","link":"https:\/\/corrientesdetarde.com\/index.php\/internacionales\/revelaron-imagenes-de-la-operacion-para-sacar-a-maria-corina-machado-de-venezuela\/","title":{"rendered":"Revelaron im\u00e1genes de la operaci\u00f3n para sacar a Mar\u00eda Corina Machado de Venezuela."},"content":{"rendered":"\n<h2 class=\"wp-block-heading\">Un grupo de exmilitares de misiones especiales de EE.UU. difundi\u00f3 filmaciones in\u00e9ditas del operativo con el que la l\u00edder opositora fue evacuada del pa\u00eds en diciembre, a trav\u00e9s de una ruta mar\u00edtima hacia Curazao.<\/h2>\n\n\n\n<p>Un grupo de veteranos de misiones especiales estadounidenses difundi\u00f3 im\u00e1genes exclusivas del\u00a0<strong>operativo clandestino que permiti\u00f3 la extracci\u00f3n de la dirigente opositora venezolana\u00a0Mar\u00eda Corina Machado<\/strong>.<\/p>\n\n\n\n<p>La maniobra, bautizada&nbsp;<strong>\u201cOperaci\u00f3n Dinamita Dorada\u201d<\/strong>, se llev\u00f3 a cabo en diciembre y tuvo como objetivo sacar a Machado del pa\u00eds evitando los controles y la vigilancia de las fuerzas de seguridad venezolanas, en un contexto de m\u00e1xima tensi\u00f3n pol\u00edtica.<\/p>\n\n\n\n<p>El operativo fue coordinado por la organizaci\u00f3n sin fines de lucro&nbsp;<strong>Grey Bull Rescue<\/strong>, con sede en Tampa, que dise\u00f1\u00f3 la log\u00edstica para evacuar a la dirigente mediante una ruta mar\u00edtima hacia la isla de Curazao.<\/p>\n\n\n\n<p>Seg\u00fan relataron sus integrantes,&nbsp;<strong>el equipo permaneci\u00f3 m\u00e1s de un mes en la regi\u00f3n planificando la misi\u00f3n<\/strong>, que calificaron como un desaf\u00edo de alto riesgo ante la posibilidad de ser interceptados por la guardia venezolana.<\/p>\n\n\n\n<p>En el video publicado este viernes, Bryan Stern, uno de los responsables del grupo, relata desde una embarcaci\u00f3n el inicio del procedimiento del 9 de diciembre.<strong>\u00a0El video muestra el momento en que Machado aborda una lancha en un punto de encuentro en altamar, tras salir de una zona considerada de peligro.<\/strong><\/p>\n\n\n\n<p>Durante la ejecuci\u00f3n de la operaci\u00f3n,\u00a0<strong>el equipo utiliz\u00f3 c\u00f3digos de comunicaci\u00f3n<\/strong>\u00a0para confirmar cada etapa del plan y garantizar la seguridad de la opositora durante el trayecto.<\/p>\n\n\n\n<p>Al encontrarse con los rescatistas, Machado confirm\u00f3 su identidad y agradeci\u00f3 la intervenci\u00f3n.&nbsp;<strong>\u201cSoy Mar\u00eda Corina Machado, estoy viva, a salvo y muy agradecida con Grey Bull\u201d<\/strong>, se la escucha decir en uno de los registros difundidos.<\/p>\n\n\n\n<p>Tras concretarse la evacuaci\u00f3n, la dirigente continu\u00f3 su viaje hacia Oslo para participar de la ceremonia del Premio Nobel de la Paz, galard\u00f3n que este jueves 15 de enero entreg\u00f3 al presidente estadounidense Donald Trump.<\/p>\n\n\n\n<p>Machado habl\u00f3 este viernes desde Washington y destac\u00f3 el apoyo del presidente de Estados Unidos, Donald Trump.&nbsp;<strong>\u201cEn Venezuela estamos dando los pasos a una transici\u00f3n verdadera\u201d<\/strong>, asegur\u00f3.<\/p>\n\n\n\n<p>Adem\u00e1s, manifest\u00f3 que la presidenta encargada de Venezuela, Delcy Rodr\u00edguez, no representa al pueblo de su pa\u00eds. \u201cEstoy profundamente, profundamente convencida de que&nbsp;<strong>tendremos una transici\u00f3n ordenada\u201d,&nbsp;<\/strong>declar\u00f3 en una rueda de prensa en Washington un d\u00eda despu\u00e9s de reunirse en la Casa Blanca con Trump.<\/p>\n\n\n\n<p><strong>\u201cDelcy Rodr\u00edguez solo est\u00e1 cumpliendo \u00f3rdenes\u201d<\/strong>, remarc\u00f3. \u201cLa transici\u00f3n tiene que tener el apoyo del pueblo venezolano. Es su derecho ejercer la soberan\u00eda popular\u201d, afirm\u00f3 Machado. Aunque aclar\u00f3: \u201cNo voy a adelantarme a poner fechas ni calendarios, porque ser\u00eda una irresponsabilidad\u201d.<\/p>\n","protected":false},"excerpt":{"rendered":"<p>Un grupo de exmilitares de misiones especiales de EE.UU. difundi\u00f3 filmaciones in\u00e9ditas del operativo con el que la l\u00edder opositora fue evacuada del pa\u00eds en diciembre, a trav\u00e9s de una&hellip; <\/p>\n","protected":false},"author":6,"featured_media":243263,"comment_status":"closed","ping_status":"open","sticky":false,"template":"","format":"standard","meta":{"footnotes":""},"categories":[11],"tags":[],"class_list":["post-243261","post","type-post","status-publish","format-standard","has-post-thumbnail","hentry","category-internacionales"],"_links":{"self":[{"href":"https:\/\/corrientesdetarde.com\/index.php\/wp-json\/wp\/v2\/posts\/243261","targetHints":{"allow":["GET"]}}],"collection":[{"href":"https:\/\/corrientesdetarde.com\/index.php\/wp-json\/wp\/v2\/posts"}],"about":[{"href":"https:\/\/corrientesdetarde.com\/index.php\/wp-json\/wp\/v2\/types\/post"}],"author":[{"embeddable":true,"href":"https:\/\/corrientesdetarde.com\/index.php\/wp-json\/wp\/v2\/users\/6"}],"replies":[{"embeddable":true,"href":"https:\/\/corrientesdetarde.com\/index.php\/wp-json\/wp\/v2\/comments?post=243261"}],"version-history":[{"count":1,"href":"https:\/\/corrientesdetarde.com\/index.php\/wp-json\/wp\/v2\/posts\/243261\/revisions"}],"predecessor-version":[{"id":243265,"href":"https:\/\/corrientesdetarde.com\/index.php\/wp-json\/wp\/v2\/posts\/243261\/revisions\/243265"}],"wp:featuredmedia":[{"embeddable":true,"href":"https:\/\/corrientesdetarde.com\/index.php\/wp-json\/wp\/v2\/media\/243263"}],"wp:attachment":[{"href":"https:\/\/corrientesdetarde.com\/index.php\/wp-json\/wp\/v2\/media?parent=243261"}],"wp:term":[{"taxonomy":"category","embeddable":true,"href":"https:\/\/corrientesdetarde.com\/index.php\/wp-json\/wp\/v2\/categories?post=243261"},{"taxonomy":"post_tag","embeddable":true,"href":"https:\/\/corrientesdetarde.com\/index.php\/wp-json\/wp\/v2\/tags?post=243261"}],"curies":[{"name":"wp","href":"https:\/\/api.w.org\/{rel}","templated":true}]}}