{"id":243264,"date":"2026-01-16T19:35:00","date_gmt":"2026-01-16T22:35:00","guid":{"rendered":"https:\/\/corrientesdetarde.com\/?p=243264"},"modified":"2026-01-16T20:15:52","modified_gmt":"2026-01-16T23:15:52","slug":"dia-internacional-de-the-beatles","status":"publish","type":"post","link":"https:\/\/corrientesdetarde.com\/index.php\/espectaculos\/dia-internacional-de-the-beatles\/","title":{"rendered":"D\u00eda Internacional de The Beatles."},"content":{"rendered":"\n<h2 class=\"wp-block-heading\">La fecha tiene un profundo significado en la historia de la banda m\u00e1s emblem\u00e1tica de la m\u00fasica popular.<\/h2>\n\n\n\n<p><strong>Hoy se celebra el D\u00eda Internacional de\u00a0The Beatles<\/strong>, una de las bandas m\u00e1s famosas y transformadoras de la m\u00fasica popular. Los Fab Four se formaron en Liverpool, Inglaterra y tuvieron una vertiginosa carrera que dur\u00f3 menos de diez a\u00f1os, pero su legado no deja de agigantarse con el paso del tiempo.<\/p>\n\n\n\n<p>El D\u00eda de The Beatles podr\u00eda celebrarse en diferentes fechas: el momento en el que se concret\u00f3 la formaci\u00f3n final, el d\u00eda en que Paul McCartney y John Lennon se conocieron, el d\u00eda de lanzamiento de su primer \u00e1lbum, pero\u00a0<strong>esta efem\u00e9ride est\u00e1 relacionada con un punto crucial<\/strong>\u00a0para su carrera art\u00edstica.<\/p>\n\n\n\n<p><strong>El 16 de enero de 1957 fue el d\u00eda en el que se inaugur\u00f3\u00a0The Cavern Club<\/strong>\u00a0de Liverpool, el m\u00edtico bar en el que la banda hizo su debut en vivo. A\u00fan no contaban con la presencia de Ringo Starr en la bater\u00eda, sino que los acompa\u00f1aba Pete Best.<\/p>\n\n\n\n<figure class=\"wp-block-image\"><img decoding=\"async\" src=\"https:\/\/tn.com.ar\/resizer\/v2\/un-turista-visitando-the-cavern-club-en-mathew-street-en-liverpool-foto-paul-ellis-afp-LLWR2P6RGZCZBPOFAJTOKTRF4E.jpg?auth=92f67ac293a6b928b9184ecc9f248b19b80967305af41acd21bf68d7dbbeb539&amp;width=767\" alt=\"Un turista visitando The Cavern Club, en Mathew Street, en Liverpool (Foto: Paul ELLIS \/ AFP).\"\/><figcaption class=\"wp-element-caption\">Un turista visitando The Cavern Club, en Mathew Street, en Liverpool (Foto: Paul ELLIS \/ AFP).<\/figcaption><\/figure>\n\n\n\n<p>Desde\u00a0<strong>el 9 de febrero de 1961, la fecha del\u00a0primer concierto de la banda<\/strong>, hasta 1963, la banda ofreci\u00f3 292 conciertos. As\u00ed, este lugar se convirti\u00f3 en el primer impulso de su carrera, su forma de darse a conocer en su ciudad natal y tambi\u00e9n un entrenamiento para tocar en vivo.<\/p>\n\n\n\n<p>Parad\u00f3jicamente,&nbsp;<strong>The Beatles dejar\u00edan los conciertos en vivo en 1966<\/strong>, cuando su carrera se encontraba en el punto m\u00e1ximo, pero sus inicios en The Cavern fueron los que marcar\u00edan el comienzo de la historia.<\/p>\n\n\n\n<p>El local est\u00e1 ubicado en el n\u00famero 10 de Mathew Street en Liverpool y es un espacio emblem\u00e1tico para la historia de The Beatles. Actualmente&nbsp;<strong>sigue brindando shows en vivo<\/strong>&nbsp;y es una visita obligada para los turistas que buscan conocer m\u00e1s sobre el mundo beatle.<\/p>\n","protected":false},"excerpt":{"rendered":"<p>La fecha tiene un profundo significado en la historia de la banda m\u00e1s emblem\u00e1tica de la m\u00fasica popular. Hoy se celebra el D\u00eda Internacional de\u00a0The Beatles, una de las bandas&hellip; <\/p>\n","protected":false},"author":6,"featured_media":243266,"comment_status":"closed","ping_status":"open","sticky":false,"template":"","format":"standard","meta":{"footnotes":""},"categories":[19],"tags":[],"class_list":["post-243264","post","type-post","status-publish","format-standard","has-post-thumbnail","hentry","category-espectaculos"],"_links":{"self":[{"href":"https:\/\/corrientesdetarde.com\/index.php\/wp-json\/wp\/v2\/posts\/243264","targetHints":{"allow":["GET"]}}],"collection":[{"href":"https:\/\/corrientesdetarde.com\/index.php\/wp-json\/wp\/v2\/posts"}],"about":[{"href":"https:\/\/corrientesdetarde.com\/index.php\/wp-json\/wp\/v2\/types\/post"}],"author":[{"embeddable":true,"href":"https:\/\/corrientesdetarde.com\/index.php\/wp-json\/wp\/v2\/users\/6"}],"replies":[{"embeddable":true,"href":"https:\/\/corrientesdetarde.com\/index.php\/wp-json\/wp\/v2\/comments?post=243264"}],"version-history":[{"count":1,"href":"https:\/\/corrientesdetarde.com\/index.php\/wp-json\/wp\/v2\/posts\/243264\/revisions"}],"predecessor-version":[{"id":243268,"href":"https:\/\/corrientesdetarde.com\/index.php\/wp-json\/wp\/v2\/posts\/243264\/revisions\/243268"}],"wp:featuredmedia":[{"embeddable":true,"href":"https:\/\/corrientesdetarde.com\/index.php\/wp-json\/wp\/v2\/media\/243266"}],"wp:attachment":[{"href":"https:\/\/corrientesdetarde.com\/index.php\/wp-json\/wp\/v2\/media?parent=243264"}],"wp:term":[{"taxonomy":"category","embeddable":true,"href":"https:\/\/corrientesdetarde.com\/index.php\/wp-json\/wp\/v2\/categories?post=243264"},{"taxonomy":"post_tag","embeddable":true,"href":"https:\/\/corrientesdetarde.com\/index.php\/wp-json\/wp\/v2\/tags?post=243264"}],"curies":[{"name":"wp","href":"https:\/\/api.w.org\/{rel}","templated":true}]}}