{"id":243267,"date":"2026-01-16T19:45:00","date_gmt":"2026-01-16T22:45:00","guid":{"rendered":"https:\/\/corrientesdetarde.com\/?p=243267"},"modified":"2026-01-16T20:20:36","modified_gmt":"2026-01-16T23:20:36","slug":"reaparecio-macri-tras-su-separacion","status":"publish","type":"post","link":"https:\/\/corrientesdetarde.com\/index.php\/politica\/reaparecio-macri-tras-su-separacion\/","title":{"rendered":"Reapareci\u00f3 Macri tras su separaci\u00f3n."},"content":{"rendered":"\n<h2 class=\"wp-block-heading\">A trav\u00e9s de sus redes sociales, el expresidente cont\u00f3 que est\u00e1 de viaje en Italia para dar clases en Bolonia. El mismo d\u00eda se conoci\u00f3 que Fernando de Andreis, hombre de su extrema confianza, ser\u00e1 el nuevo secretario general de su partido pol\u00edtico.<\/h2>\n\n\n\n<p>El expresidente\u00a0<strong>Mauricio Macri<\/strong>\u00a0reapareci\u00f3 este viernes, luego de que se hiciera p\u00fablica\u00a0<strong>su separaci\u00f3n de Juliana Awada<\/strong>\u00a0tras 15 a\u00f1os de relaci\u00f3n. Lo hizo a trav\u00e9s de una publicaci\u00f3n en Instagram donde se lo ve sonriente, dando clases.<\/p>\n\n\n\n<p>El exmandatario est\u00e1 en Bolonia, Italia, donde fue invitado a dar clases en una prestigiosa universidad. \u201cNuevamente en Bolonia, donde naci\u00f3 la primera universidad moderna del mundo en 1088, disfrutando de dar clases de liderazgo en la Bologna Business School. Gracias a la facultad por esta invitaci\u00f3n y a todos los estudiantes que participan\u201d, escribi\u00f3 Macri en un breve mensaje en las redes sociales.<\/p>\n\n\n\n<p>Las clases que dicta en la&nbsp;<strong>Universidad de Bolonia<\/strong>&nbsp;son sobre liderazgo y forman parte de las actividades a las que se dedica Macri luego de su salida de la funci\u00f3n p\u00fablica. Si bien ahora retom\u00f3 centralidad en el PRO al hacerce cargo de la presidencia del partido,&nbsp;<strong>no ocupa un cargo p\u00fablico desde el 2019.<\/strong><\/p>\n\n\n\n<figure class=\"wp-block-image\"><img decoding=\"async\" src=\"https:\/\/tn.com.ar\/resizer\/v2\/fernando-de-andreis-es-el-nuevo-secretario-general-del-pro-foto-captura-x-deandreis-7ST77W6A6NG27NKASJFSPRQRSE.PNG?auth=99df9380f7059362a3ba6c3d962771bda23fd48aa1394c15ff6c993b9eafb455&amp;width=767\" alt=\"Fernando de Andreis es el nuevo secretario general del PRO. (Foto: captura X @deAndreis)\"\/><figcaption class=\"wp-element-caption\">Fernando de Andreis es el nuevo secretario general del PRO. (Foto: captura X @deAndreis)<\/figcaption><\/figure>\n\n\n\n<p>En este sentido, el expresidente&nbsp;<strong>se mantiene activo dentro de la vida pol\u00edtica del partido del que es fundador<\/strong>. Y este viernes se conoci\u00f3 un cambio dentro de su estructura: el diputado nacional Fernando de Andreis \u2014hombre de su extrema confianza\u2014 ser\u00e1 el nuevo secretario general del PRO.<\/p>\n\n\n\n<p>De Andreis reemplazar\u00e1 en ese cargo a Facundo P\u00e9rez Carletti, quien asumi\u00f3 como legislador en Santiago del Estero y apuesta a ser candidato a intendente de la capital provincial en 2026.<\/p>\n\n\n\n<p>De acuerdo a lo informado a trav\u00e9s de un comunicado, De Andreis asume \u201ccon el desaf\u00edo de renovar,&nbsp;<strong>modernizar y seguir construyendo un PRO unido<\/strong>, fuerte y con mirada de futuro en todo el pa\u00eds\u201d. \u201dSu designaci\u00f3n expresa la voluntad de seguir fortaleciendo la organizaci\u00f3n partidaria, profundizar el trabajo federal y adaptar al PRO a los desaf\u00edos pol\u00edticos y sociales de esta nueva etapa&#8221;, indicaron.<\/p>\n\n\n\n<p>De Andreis fue uno de los pocos nombres que pudo poner el PRO en la lista para las legislativas de octubre de 2025 y su elecci\u00f3n no fue casual, ya que es un hombre de m\u00e1xima confianza de Macri. Tiene mandato hasta 2029 y en los \u00faltimos meses aument\u00f3 su exposici\u00f3n p\u00fablica.<\/p>\n\n\n\n<p><strong>\u201cEl futuro del PRO est\u00e1 adelante, no atr\u00e1s<\/strong>. El futuro del PRO es dif\u00edcil, no f\u00e1cil. Es distinto, no igual. Yo quiero trabajar en esa direcci\u00f3n. Estoy convencido de que tenemos el mejor equipo para lograrlo\u201d, resalt\u00f3 el exsecretario general de la Presidencia durante la gesti\u00f3n de Cambiemos al difundirse su nuevo cargo partidario. Adem\u00e1s, indic\u00f3 que tendr\u00e1 \u201cla responsabilidad de crear un equipo nacional y&nbsp;<strong>trabajar en la reinvenci\u00f3n del partido\u201d.<\/strong><\/p>\n","protected":false},"excerpt":{"rendered":"<p>A trav\u00e9s de sus redes sociales, el expresidente cont\u00f3 que est\u00e1 de viaje en Italia para dar clases en Bolonia. El mismo d\u00eda se conoci\u00f3 que Fernando de Andreis, hombre&hellip; <\/p>\n","protected":false},"author":6,"featured_media":243269,"comment_status":"closed","ping_status":"open","sticky":false,"template":"","format":"standard","meta":{"footnotes":""},"categories":[3],"tags":[],"class_list":["post-243267","post","type-post","status-publish","format-standard","has-post-thumbnail","hentry","category-politica"],"_links":{"self":[{"href":"https:\/\/corrientesdetarde.com\/index.php\/wp-json\/wp\/v2\/posts\/243267","targetHints":{"allow":["GET"]}}],"collection":[{"href":"https:\/\/corrientesdetarde.com\/index.php\/wp-json\/wp\/v2\/posts"}],"about":[{"href":"https:\/\/corrientesdetarde.com\/index.php\/wp-json\/wp\/v2\/types\/post"}],"author":[{"embeddable":true,"href":"https:\/\/corrientesdetarde.com\/index.php\/wp-json\/wp\/v2\/users\/6"}],"replies":[{"embeddable":true,"href":"https:\/\/corrientesdetarde.com\/index.php\/wp-json\/wp\/v2\/comments?post=243267"}],"version-history":[{"count":1,"href":"https:\/\/corrientesdetarde.com\/index.php\/wp-json\/wp\/v2\/posts\/243267\/revisions"}],"predecessor-version":[{"id":243271,"href":"https:\/\/corrientesdetarde.com\/index.php\/wp-json\/wp\/v2\/posts\/243267\/revisions\/243271"}],"wp:featuredmedia":[{"embeddable":true,"href":"https:\/\/corrientesdetarde.com\/index.php\/wp-json\/wp\/v2\/media\/243269"}],"wp:attachment":[{"href":"https:\/\/corrientesdetarde.com\/index.php\/wp-json\/wp\/v2\/media?parent=243267"}],"wp:term":[{"taxonomy":"category","embeddable":true,"href":"https:\/\/corrientesdetarde.com\/index.php\/wp-json\/wp\/v2\/categories?post=243267"},{"taxonomy":"post_tag","embeddable":true,"href":"https:\/\/corrientesdetarde.com\/index.php\/wp-json\/wp\/v2\/tags?post=243267"}],"curies":[{"name":"wp","href":"https:\/\/api.w.org\/{rel}","templated":true}]}}