{"id":243277,"date":"2026-01-17T09:00:28","date_gmt":"2026-01-17T12:00:28","guid":{"rendered":"https:\/\/corrientesdetarde.com\/?p=243277"},"modified":"2026-01-17T09:00:33","modified_gmt":"2026-01-17T12:00:33","slug":"con-apoyo-de-la-provincia-se-llevara-adelante-el-festival-nande-pueblo-en-gobernador-martinez","status":"publish","type":"post","link":"https:\/\/corrientesdetarde.com\/index.php\/actualidad\/con-apoyo-de-la-provincia-se-llevara-adelante-el-festival-nande-pueblo-en-gobernador-martinez\/","title":{"rendered":"Con apoyo de la Provincia, se llevar\u00e1 adelante el Festival \u201c\u00d1ande Pueblo\u201d en Gobernador Mart\u00ednez"},"content":{"rendered":"\n<p>Esta ma\u00f1ana, se realiz\u00f3 en el Sal\u00f3n Verde de Casa de Gobierno, la presentaci\u00f3n del XXIII Festival del Reencuentro y la Cultura Regional \u201c\u00d1ande Pueblo\u201d, a llevarse a cabo los d\u00edas viernes 30 y s\u00e1bado 31 de enero, en la localidad de Gobernador Mart\u00ednez. Las jornadas tendr\u00e1n lugar en el ex predio del Ferrocarril, con un costo accesible que a\u00fan no ha sido establecido. El evento tendr\u00e1 la presencia de m\u00e1s de 20 artistas, como Vicente Franco y sus Criollos, Emiliano Cardozo y Los Cardocitos, Ambo\u00e9, \u00c1ngel Piciochi, Los Reales del Chamam\u00e9 y Los Matu\u00e1 Mercede\u00f1os.<\/p>\n\n\n\n<p>Este espacio simboliza el encuentro y el trabajo conjunto del mencionado pueblo y localidades aleda\u00f1as. Una expresi\u00f3n viva de las tradiciones y el talento de la gente, donde se re\u00fanen familias, emprendedores, visitantes y artistas, fortaleciendo el sentido de pertenencia y el desarrollo cultural y tur\u00edstico en toda la regi\u00f3n.<\/p>\n\n\n\n<p>En la oportunidad, el ministro de Turismo de la Provincia, Juan Enrique Braillard Poccard, quien encabez\u00f3 el acto, destac\u00f3 la relevancia de este tipo de eventos como motores del desarrollo econ\u00f3mico, cultural y tur\u00edstico del interior correntino.<\/p>\n\n\n\n<p>El funcionario dio la bienvenida a los presentes en nombre del gobernador Juan Pablo Vald\u00e9s y agradeci\u00f3 al municipio por la invitaci\u00f3n a participar de una presentaci\u00f3n que consider\u00f3 fundamental para la comunidad local. En ese contexto, subray\u00f3 la importancia de seguir conociendo y poniendo en valor la riqueza cultural y la diversidad de productos y experiencias que ofrece Corrientes en cada uno de sus municipios.<\/p>\n\n\n\n<p>Braillard Poccard remarc\u00f3 que una de las principales improntas de la gesti\u00f3n provincial es otorgar valor a las expresiones culturales y a los eventos locales, entendidos como verdaderos impulsores del desarrollo regional. En ese sentido, asegur\u00f3 que estas celebraciones movilizan a miles de personas y generan oportunidades concretas para artesanos, gastron\u00f3micos, emprendedores, hoteleros y prestadores de servicios tur\u00edsticos, permitiendo la generaci\u00f3n de ingresos genuinos para las econom\u00edas locales.<\/p>\n\n\n\n<p>\u201cEl turismo, la cultura y la organizaci\u00f3n de eventos impactan de manera directa en quienes prestan servicios, y de forma indirecta en toda la comunidad\u201d, afirm\u00f3 el ministro, al tiempo que felicit\u00f3 a la viceintendente y a todo el equipo de gobierno municipal por la organizaci\u00f3n de la XXIII edici\u00f3n del festival.<\/p>\n\n\n\n<p><strong>Viceintendente Valeria P\u00e9rez<\/strong><\/p>\n\n\n\n<p>Durante su alocuci\u00f3n, la viceintendente Valeria P\u00e9rez agradeci\u00f3 la presencia de las autoridades provinciales y locales, y remarc\u00f3 que se trata del evento \u201cfundamental\u201d del pueblo, ya que integra las culturas de las localidades vecinas, fortalece el turismo y pone en valor las expresiones art\u00edsticas y culturales de la regi\u00f3n.<\/p>\n\n\n\n<p>Asimismo, expres\u00f3 su reconocimiento al Gobierno de la Provincia por el acompa\u00f1amiento y el espacio brindado para difundir el festival. En ese sentido, subray\u00f3 que la promoci\u00f3n de la cultura constituye una pol\u00edtica de Estado, articulada con el desarrollo tur\u00edstico y la participaci\u00f3n de artesanos locales.<\/p>\n\n\n\n<p>La viceintendente tambi\u00e9n valor\u00f3 el apoyo de las localidades vecinas, que aportan los grupos musicales que formar\u00e1n parte de la grilla art\u00edstica, resaltando la importancia de visibilizar y difundir a los artistas zonales.<\/p>\n\n\n\n<p>Finalmente, Valeria P\u00e9rez invit\u00f3 a la comunidad y al p\u00fablico en general a participar del festival, asegurando que ser\u00e1n dos noches inolvidables, y se mostr\u00f3 agradecida por poder compartir un momento tan significativo para Gobernador Mart\u00ednez.<\/p>\n","protected":false},"excerpt":{"rendered":"<p>Esta ma\u00f1ana, se realiz\u00f3 en el Sal\u00f3n Verde de Casa de Gobierno, la presentaci\u00f3n del XXIII Festival del Reencuentro y la Cultura Regional \u201c\u00d1ande Pueblo\u201d, a llevarse a cabo los&hellip; <\/p>\n","protected":false},"author":3,"featured_media":243297,"comment_status":"closed","ping_status":"open","sticky":false,"template":"","format":"standard","meta":{"footnotes":""},"categories":[23],"tags":[],"class_list":["post-243277","post","type-post","status-publish","format-standard","has-post-thumbnail","hentry","category-actualidad"],"_links":{"self":[{"href":"https:\/\/corrientesdetarde.com\/index.php\/wp-json\/wp\/v2\/posts\/243277","targetHints":{"allow":["GET"]}}],"collection":[{"href":"https:\/\/corrientesdetarde.com\/index.php\/wp-json\/wp\/v2\/posts"}],"about":[{"href":"https:\/\/corrientesdetarde.com\/index.php\/wp-json\/wp\/v2\/types\/post"}],"author":[{"embeddable":true,"href":"https:\/\/corrientesdetarde.com\/index.php\/wp-json\/wp\/v2\/users\/3"}],"replies":[{"embeddable":true,"href":"https:\/\/corrientesdetarde.com\/index.php\/wp-json\/wp\/v2\/comments?post=243277"}],"version-history":[{"count":1,"href":"https:\/\/corrientesdetarde.com\/index.php\/wp-json\/wp\/v2\/posts\/243277\/revisions"}],"predecessor-version":[{"id":243327,"href":"https:\/\/corrientesdetarde.com\/index.php\/wp-json\/wp\/v2\/posts\/243277\/revisions\/243327"}],"wp:featuredmedia":[{"embeddable":true,"href":"https:\/\/corrientesdetarde.com\/index.php\/wp-json\/wp\/v2\/media\/243297"}],"wp:attachment":[{"href":"https:\/\/corrientesdetarde.com\/index.php\/wp-json\/wp\/v2\/media?parent=243277"}],"wp:term":[{"taxonomy":"category","embeddable":true,"href":"https:\/\/corrientesdetarde.com\/index.php\/wp-json\/wp\/v2\/categories?post=243277"},{"taxonomy":"post_tag","embeddable":true,"href":"https:\/\/corrientesdetarde.com\/index.php\/wp-json\/wp\/v2\/tags?post=243277"}],"curies":[{"name":"wp","href":"https:\/\/api.w.org\/{rel}","templated":true}]}}