{"id":243278,"date":"2026-01-17T08:02:46","date_gmt":"2026-01-17T11:02:46","guid":{"rendered":"https:\/\/corrientesdetarde.com\/?p=243278"},"modified":"2026-01-17T08:02:48","modified_gmt":"2026-01-17T11:02:48","slug":"julio-iglesias-respondio-a-las-denuncias-de-sus-exempleadas-son-acusaciones-absolutamente-falsas","status":"publish","type":"post","link":"https:\/\/corrientesdetarde.com\/index.php\/internacionales\/julio-iglesias-respondio-a-las-denuncias-de-sus-exempleadas-son-acusaciones-absolutamente-falsas\/","title":{"rendered":"Julio Iglesias respondi\u00f3 a las denuncias de sus exempleadas: &#8220;Son acusaciones absolutamente falsas&#8221;"},"content":{"rendered":"\n<p>El cantante public\u00f3 un comunicado en sus redes sociales, en el que asegura que los testimonios de las dos mujeres que lo acusaron le causan &#8220;absoluta tristeza&#8221;.<\/p>\n\n\n\n<p>Luego de las acusaciones de sus exempleadas, Julio Iglesias lanz\u00f3 un comunicado en sus redes sociales en el que se defiende y desmiente los testimonios de las dos v\u00edctimas que aseguraron haber sufrido abusos sexuales de su parte entre febrero y octubre del 2021. &#8220;Me causa una gran tristeza&#8221;, indic\u00f3.<\/p>\n\n\n\n<p>En algunas de las frases, las v\u00edctimas contaron: &#8220;Todas las mujeres que entran a trabajar en la casa de Julio Iglesias son v\u00edctimas. Yo creo que el impacto de nosotras acudamos a la Justicia es enviar ese mensaje a todas las v\u00edctimas de esta persona a que hablen, y que crean en la Justicia. Y que entiendan que no fue algo que les pas\u00f3 a ellas y nada m\u00e1s&#8221;.<br>&nbsp;<br>Las trabajadoras fueron contratadas para las residencias que el artista tiene en Rep\u00fablica Dominicana y Bahamas. Ambas afirmaron haber sido sometidas a presiones para mantener relaciones sexuales con episodios de penetraciones sin consentimiento. Adem\u00e1s, relataron haber recibido agresiones f\u00edsicas como cachetazos y humillaciones verbales.<\/p>\n\n\n\n<p>Ante esto, lanz\u00f3 un comunicado: &#8220;Con profundo pesar, respondo a las acusaciones realizadas por dos personas que anteriormente trabajaron en mi casa. Niego haber abusado, coaccionado o faltado el respeto a ninguna mujer. Esas acusaciones son absolutamente falsas y me causan una gran tristeza&#8221;.<\/p>\n\n\n\n<p>&#8220;Nunca hab\u00eda sentido tanta maldad, pero a\u00fan me quedan fuerzas para que la gente conozca toda la verdad y defender mi dignidad ante un agravio tan grave. No puedo olvidarme de tantas y tantas personas querid\u00edsimas que me han mandado mensajes de cari\u00f1o y lealtad; he sentido mucho consuelo en ellas&#8221;, concluy\u00f3.<\/p>\n\n\n\n<p><strong>Qu\u00e9 dijeron las Trillizas de Oro sobre Julio Iglesias y las denuncias de abuso sexual<\/strong><\/p>\n\n\n\n<p>Las Trillizas de Oro rompieron el silencio tras las denuncias de abuso sexual contra Julio Iglesias: &#8220;Nunca vivimos nada de lo que se dice&#8221;, aseguraron sobre el m\u00fasico de 82 a\u00f1os.<\/p>\n\n\n\n<p>Mar\u00eda Emilia, Mar\u00eda Eugenia y Mar\u00eda Laura Rousse, que iniciaron su carrera cuando como coristas del cantante en 1978, en su adolescencia, se distanciaron de las versiones de violencia sexual y agresiones f\u00edsicas que enfrenta al \u00eddolo espa\u00f1ol.<\/p>\n\n\n\n<p>&#8220;Mientras trabaj\u00e1bamos con Julio nunca vivimos nada de lo que se est\u00e1 diciendo de \u00e9l en estos d\u00edas. Por eso no queremos hacer ning\u00fan comentario sobre el tema&#8221;, detallaron dos de las medi\u00e1ticas al diario La Naci\u00f3n.<\/p>\n\n\n\n<p>La imagen de la vida familiar de &#8220;el cantante de las novias&#8221;, tal como se lo conoce por su fama de rom\u00e1ntico y sus varios matrimonios y relaciones, con las que tuvo 8 hijos, se vio salpicado por las denuncias de dos exempleadas, una trabajadora dom\u00e9stica y una fisioterapeuta.<\/p>\n","protected":false},"excerpt":{"rendered":"<p>El cantante public\u00f3 un comunicado en sus redes sociales, en el que asegura que los testimonios de las dos mujeres que lo acusaron le causan &#8220;absoluta tristeza&#8221;. Luego de las&hellip; <\/p>\n","protected":false},"author":3,"featured_media":243301,"comment_status":"closed","ping_status":"open","sticky":false,"template":"","format":"standard","meta":{"footnotes":""},"categories":[11],"tags":[],"class_list":["post-243278","post","type-post","status-publish","format-standard","has-post-thumbnail","hentry","category-internacionales"],"_links":{"self":[{"href":"https:\/\/corrientesdetarde.com\/index.php\/wp-json\/wp\/v2\/posts\/243278","targetHints":{"allow":["GET"]}}],"collection":[{"href":"https:\/\/corrientesdetarde.com\/index.php\/wp-json\/wp\/v2\/posts"}],"about":[{"href":"https:\/\/corrientesdetarde.com\/index.php\/wp-json\/wp\/v2\/types\/post"}],"author":[{"embeddable":true,"href":"https:\/\/corrientesdetarde.com\/index.php\/wp-json\/wp\/v2\/users\/3"}],"replies":[{"embeddable":true,"href":"https:\/\/corrientesdetarde.com\/index.php\/wp-json\/wp\/v2\/comments?post=243278"}],"version-history":[{"count":1,"href":"https:\/\/corrientesdetarde.com\/index.php\/wp-json\/wp\/v2\/posts\/243278\/revisions"}],"predecessor-version":[{"id":243316,"href":"https:\/\/corrientesdetarde.com\/index.php\/wp-json\/wp\/v2\/posts\/243278\/revisions\/243316"}],"wp:featuredmedia":[{"embeddable":true,"href":"https:\/\/corrientesdetarde.com\/index.php\/wp-json\/wp\/v2\/media\/243301"}],"wp:attachment":[{"href":"https:\/\/corrientesdetarde.com\/index.php\/wp-json\/wp\/v2\/media?parent=243278"}],"wp:term":[{"taxonomy":"category","embeddable":true,"href":"https:\/\/corrientesdetarde.com\/index.php\/wp-json\/wp\/v2\/categories?post=243278"},{"taxonomy":"post_tag","embeddable":true,"href":"https:\/\/corrientesdetarde.com\/index.php\/wp-json\/wp\/v2\/tags?post=243278"}],"curies":[{"name":"wp","href":"https:\/\/api.w.org\/{rel}","templated":true}]}}