{"id":243281,"date":"2026-01-17T08:02:22","date_gmt":"2026-01-17T11:02:22","guid":{"rendered":"https:\/\/corrientesdetarde.com\/?p=243281"},"modified":"2026-01-17T08:21:42","modified_gmt":"2026-01-17T11:21:42","slug":"provincia-junto-al-municipio-realizan-relevamiento-de-las-familias-afectadas-en-los-barrios-de-capital","status":"publish","type":"post","link":"https:\/\/corrientesdetarde.com\/index.php\/informacion-general\/provincia-junto-al-municipio-realizan-relevamiento-de-las-familias-afectadas-en-los-barrios-de-capital\/","title":{"rendered":"Provincia junto al Municipio realizan relevamiento de las familias afectadas en los barrios de Capital"},"content":{"rendered":"\n<p>siguiendo con las instrucciones del ministro de Desarrollo Social, Jos\u00e9 Irigoyen el subsecretario de Desarrollo Humano e Igualdad, Valentin Romero recorri\u00f3 distintos barrios a fin de recabar la informaci\u00f3n que permita avanzar con la asistencia necesaria como sucede en estos casos.<\/p>\n\n\n\n<p>El Gobierno de Corrientes en coordinaci\u00f3n con la Municipalidad de Corrientes este viernes tras las intensas lluvias llevaron adelante el relevamiento de las familias afectadas en los barrios de Capital.<\/p>\n\n\n\n<p>As\u00ed, siguiendo con las instrucciones del ministro de Desarrollo Social, Jos\u00e9 Irigoyen, el subsecretario de Desarrollo Humano e Igualdad Valentin Romero recorri\u00f3 distintos barrios a fin de recabar la informaci\u00f3n que permita avanzar con la asistencia necesaria como sucede en estos casos.<\/p>\n\n\n\n<figure class=\"wp-block-image\"><img decoding=\"async\" src=\"https:\/\/www.diarioepoca.com\/content\/bucket\/2\/1470862w790h827c.jpg.webp\" alt=\"\"\/><\/figure>\n\n\n\n<p>Vale recordar que en pocas horas de la ma\u00f1ana cayeron m\u00e1s de 100 mil\u00edmetros de agua en la ciudad colapsando el sistema de drenaje.<\/p>\n","protected":false},"excerpt":{"rendered":"<p>siguiendo con las instrucciones del ministro de Desarrollo Social, Jos\u00e9 Irigoyen el subsecretario de Desarrollo Humano e Igualdad, Valentin Romero recorri\u00f3 distintos barrios a fin de recabar la informaci\u00f3n que&hellip; <\/p>\n","protected":false},"author":3,"featured_media":243300,"comment_status":"closed","ping_status":"open","sticky":false,"template":"","format":"standard","meta":{"footnotes":""},"categories":[1],"tags":[],"class_list":["post-243281","post","type-post","status-publish","format-standard","has-post-thumbnail","hentry","category-informacion-general"],"_links":{"self":[{"href":"https:\/\/corrientesdetarde.com\/index.php\/wp-json\/wp\/v2\/posts\/243281","targetHints":{"allow":["GET"]}}],"collection":[{"href":"https:\/\/corrientesdetarde.com\/index.php\/wp-json\/wp\/v2\/posts"}],"about":[{"href":"https:\/\/corrientesdetarde.com\/index.php\/wp-json\/wp\/v2\/types\/post"}],"author":[{"embeddable":true,"href":"https:\/\/corrientesdetarde.com\/index.php\/wp-json\/wp\/v2\/users\/3"}],"replies":[{"embeddable":true,"href":"https:\/\/corrientesdetarde.com\/index.php\/wp-json\/wp\/v2\/comments?post=243281"}],"version-history":[{"count":2,"href":"https:\/\/corrientesdetarde.com\/index.php\/wp-json\/wp\/v2\/posts\/243281\/revisions"}],"predecessor-version":[{"id":243319,"href":"https:\/\/corrientesdetarde.com\/index.php\/wp-json\/wp\/v2\/posts\/243281\/revisions\/243319"}],"wp:featuredmedia":[{"embeddable":true,"href":"https:\/\/corrientesdetarde.com\/index.php\/wp-json\/wp\/v2\/media\/243300"}],"wp:attachment":[{"href":"https:\/\/corrientesdetarde.com\/index.php\/wp-json\/wp\/v2\/media?parent=243281"}],"wp:term":[{"taxonomy":"category","embeddable":true,"href":"https:\/\/corrientesdetarde.com\/index.php\/wp-json\/wp\/v2\/categories?post=243281"},{"taxonomy":"post_tag","embeddable":true,"href":"https:\/\/corrientesdetarde.com\/index.php\/wp-json\/wp\/v2\/tags?post=243281"}],"curies":[{"name":"wp","href":"https:\/\/api.w.org\/{rel}","templated":true}]}}