{"id":243282,"date":"2026-01-17T08:02:34","date_gmt":"2026-01-17T11:02:34","guid":{"rendered":"https:\/\/corrientesdetarde.com\/?p=243282"},"modified":"2026-01-17T08:02:36","modified_gmt":"2026-01-17T11:02:36","slug":"messi-vuelve-a-entrenar-con-inter-miami-y-empieza-su-preparacion-con-el-mundial-2026","status":"publish","type":"post","link":"https:\/\/corrientesdetarde.com\/index.php\/deportes\/messi-vuelve-a-entrenar-con-inter-miami-y-empieza-su-preparacion-con-el-mundial-2026\/","title":{"rendered":"Messi vuelve a entrenar con Inter Miami y empieza su preparaci\u00f3n con el Mundial 2026"},"content":{"rendered":"\n<p>El astro argentino comenzar\u00e1 la pretemporada en Estados Unidos preparando el 2026.<\/p>\n\n\n\n<p>Luego de m\u00e1s de un mes de parate tras ser campe\u00f3n de la MLS Cup, Lionel Messi y el Inter Miami retornan a los entrenamientos este s\u00e1bado para preparar el 2026 que tendr\u00e1 varias competencias para el argentino.<\/p>\n\n\n\n<p>Adem\u00e1s de los torneos locales con el club estadounidense, el capit\u00e1n de la Selecci\u00f3n argentina tiene como objetivo principal poder llegar \u00f3ptimo al Mundial de Estados Unidos, M\u00e9xico y Canad\u00e1.<\/p>\n\n\n\n<p>Una de las grandes novedades y eventos que tendr\u00e1 el club ser\u00e1 la inauguraci\u00f3n de su nuevo estadio: Miami Freedom Park Stadium, que tendr\u00e1 capacidad para 25.000 personas y su presentaci\u00f3n ser\u00e1 el 4 de abril.<\/p>\n\n\n\n<p>Las Garzas ya tienen confirmada una gira por Sudam\u00e9rica en forma de preparaci\u00f3n para la temporada y visitar\u00e1 tres pa\u00edses distintos: Per\u00fa, Colombia y Ecuador.<\/p>\n\n\n\n<p>Javier Mascherano tiene la misi\u00f3n de reconstruir el equipo tras el retiro del f\u00fatbol profesional de Sergio Busquets y Jordi Alba, sum\u00e1ndose a las bajas como la de Marcelo Weigandt que retorn\u00f3 a Boca.<\/p>\n\n\n\n<p>Como refuerzos, los argentinos Facundo Mura y David Ayala aparecen ya en el plantel, y adem\u00e1s un ex futbolista del Real Madrid fue presentado en la \u00faltima semana: Sergio Reguil\u00f3n.<\/p>\n\n\n\n<p>Con la compra definitiva de Rodrigo De Paul al Atl\u00e9tico de Madrid, la intenci\u00f3n del club del que es propietario David Beckham es poder quedarse con el pase de Tadeo Allende, que volvi\u00f3 al Celta de Vigo.<\/p>\n\n\n\n<p><em><strong>Los amistosos de Inter Miami y Lionel Messi por Sudam\u00e9rica<\/strong>&nbsp;<\/em><br>*Inter Miami CF vs. Club Alianza Lima | s\u00e1bado 24 de enero de 2026 a las 19 en el Estadio Alejandro Villanueva en Lima, Per\u00fa.<br>*Inter Miami CF vs. Atl\u00e9tico Nacional S.A. | s\u00e1bado 31 de enero de 2026 a las 19 en el Estadio Atanasio Girardot en Medell\u00edn, Colombia.<br>*Inter Miami CF vs. Barcelona de Guayaquil | s\u00e1bado 7 de febrero de 2026 a las 21 en el Estadio Monumental Banco Pichincha en Guayaquil, Ecuador.<\/p>\n","protected":false},"excerpt":{"rendered":"<p>El astro argentino comenzar\u00e1 la pretemporada en Estados Unidos preparando el 2026. Luego de m\u00e1s de un mes de parate tras ser campe\u00f3n de la MLS Cup, Lionel Messi y&hellip; <\/p>\n","protected":false},"author":3,"featured_media":243299,"comment_status":"closed","ping_status":"open","sticky":false,"template":"","format":"standard","meta":{"footnotes":""},"categories":[4],"tags":[],"class_list":["post-243282","post","type-post","status-publish","format-standard","has-post-thumbnail","hentry","category-deportes"],"_links":{"self":[{"href":"https:\/\/corrientesdetarde.com\/index.php\/wp-json\/wp\/v2\/posts\/243282","targetHints":{"allow":["GET"]}}],"collection":[{"href":"https:\/\/corrientesdetarde.com\/index.php\/wp-json\/wp\/v2\/posts"}],"about":[{"href":"https:\/\/corrientesdetarde.com\/index.php\/wp-json\/wp\/v2\/types\/post"}],"author":[{"embeddable":true,"href":"https:\/\/corrientesdetarde.com\/index.php\/wp-json\/wp\/v2\/users\/3"}],"replies":[{"embeddable":true,"href":"https:\/\/corrientesdetarde.com\/index.php\/wp-json\/wp\/v2\/comments?post=243282"}],"version-history":[{"count":1,"href":"https:\/\/corrientesdetarde.com\/index.php\/wp-json\/wp\/v2\/posts\/243282\/revisions"}],"predecessor-version":[{"id":243315,"href":"https:\/\/corrientesdetarde.com\/index.php\/wp-json\/wp\/v2\/posts\/243282\/revisions\/243315"}],"wp:featuredmedia":[{"embeddable":true,"href":"https:\/\/corrientesdetarde.com\/index.php\/wp-json\/wp\/v2\/media\/243299"}],"wp:attachment":[{"href":"https:\/\/corrientesdetarde.com\/index.php\/wp-json\/wp\/v2\/media?parent=243282"}],"wp:term":[{"taxonomy":"category","embeddable":true,"href":"https:\/\/corrientesdetarde.com\/index.php\/wp-json\/wp\/v2\/categories?post=243282"},{"taxonomy":"post_tag","embeddable":true,"href":"https:\/\/corrientesdetarde.com\/index.php\/wp-json\/wp\/v2\/tags?post=243282"}],"curies":[{"name":"wp","href":"https:\/\/api.w.org\/{rel}","templated":true}]}}