{"id":243285,"date":"2026-01-17T09:00:34","date_gmt":"2026-01-17T12:00:34","guid":{"rendered":"https:\/\/corrientesdetarde.com\/?p=243285"},"modified":"2026-01-17T19:31:31","modified_gmt":"2026-01-17T22:31:31","slug":"este-lunes-19-inicia-el-pago-de-la-primera-cuota-del-bono-de-fin-de-ano-y-el-plus-a-municipales","status":"publish","type":"post","link":"https:\/\/corrientesdetarde.com\/index.php\/destacados\/este-lunes-19-inicia-el-pago-de-la-primera-cuota-del-bono-de-fin-de-ano-y-el-plus-a-municipales\/","title":{"rendered":"Este lunes 19 inicia el pago de la primera cuota del bono de fin de a\u00f1o y el plus a municipales"},"content":{"rendered":"\n<p>El cronograma se extender\u00e1 hasta el mi\u00e9rcoles 21 de enero. Junto con el plus complementario del mes, se abonar\u00e1 los primeros $150 mil de un total de $300 mil dispuesto por el intendente Claudio Polich como extra por las fiestas. La parte restante se paga en febrero.<\/p>\n\n\n\n<p>Los trabajadores de planta, contrato y agentes Neike bancarizados tendr\u00e1n depositado el mismo lunes 19 de enero en sus respectivas cuentas bancarias esta primera cuota del bono junto con el plus, dinero al que podr\u00e1n acceder a trav\u00e9s de los cajeros autom\u00e1ticos habilitados.<\/p>\n\n\n\n<p>Por su parte, aquellos trabajadores Neike que no est\u00e1n bancarizados cobrar\u00e1n por terminaci\u00f3n de DNI y deber\u00e1n dirigirse a la Caja Municipal de Pr\u00e9stamos (CMP), en su sede central ubicada en Brasil 1269. Los pagos se realizan de lunes a viernes.<\/p>\n\n\n\n<p>En este caso, el lunes 19 les corresponder\u00e1 cobrar a los trabajadores cuyos DNI terminen en 0, 1 y 2; el martes 20 a DNI finalizados en 3, 4, 5 y 6; y concluir\u00e1 el mi\u00e9rcoles 21 con el pago a los que tengan documentos que finalicen en 7, 8 y 9.<\/p>\n\n\n\n<p>En tanto, los Neike bancarizados pero que a\u00fan no posean tarjeta de d\u00e9bito, deber\u00e1n cobrar por ventanilla del Banco de Corrientes (sucursal av. Teniente Ib\u00e1\u00f1ez 1826) de acuerdo al cronograma detallado anteriormente y que va del lunes 19 al mi\u00e9rcoles 21 de enero.<\/p>\n","protected":false},"excerpt":{"rendered":"<p>El cronograma se extender\u00e1 hasta el mi\u00e9rcoles 21 de enero. Junto con el plus complementario del mes, se abonar\u00e1 los primeros $150 mil de un total de $300 mil dispuesto&hellip; <\/p>\n","protected":false},"author":3,"featured_media":243298,"comment_status":"closed","ping_status":"open","sticky":false,"template":"","format":"standard","meta":{"footnotes":""},"categories":[26],"tags":[],"class_list":["post-243285","post","type-post","status-publish","format-standard","has-post-thumbnail","hentry","category-destacados"],"_links":{"self":[{"href":"https:\/\/corrientesdetarde.com\/index.php\/wp-json\/wp\/v2\/posts\/243285","targetHints":{"allow":["GET"]}}],"collection":[{"href":"https:\/\/corrientesdetarde.com\/index.php\/wp-json\/wp\/v2\/posts"}],"about":[{"href":"https:\/\/corrientesdetarde.com\/index.php\/wp-json\/wp\/v2\/types\/post"}],"author":[{"embeddable":true,"href":"https:\/\/corrientesdetarde.com\/index.php\/wp-json\/wp\/v2\/users\/3"}],"replies":[{"embeddable":true,"href":"https:\/\/corrientesdetarde.com\/index.php\/wp-json\/wp\/v2\/comments?post=243285"}],"version-history":[{"count":1,"href":"https:\/\/corrientesdetarde.com\/index.php\/wp-json\/wp\/v2\/posts\/243285\/revisions"}],"predecessor-version":[{"id":243328,"href":"https:\/\/corrientesdetarde.com\/index.php\/wp-json\/wp\/v2\/posts\/243285\/revisions\/243328"}],"wp:featuredmedia":[{"embeddable":true,"href":"https:\/\/corrientesdetarde.com\/index.php\/wp-json\/wp\/v2\/media\/243298"}],"wp:attachment":[{"href":"https:\/\/corrientesdetarde.com\/index.php\/wp-json\/wp\/v2\/media?parent=243285"}],"wp:term":[{"taxonomy":"category","embeddable":true,"href":"https:\/\/corrientesdetarde.com\/index.php\/wp-json\/wp\/v2\/categories?post=243285"},{"taxonomy":"post_tag","embeddable":true,"href":"https:\/\/corrientesdetarde.com\/index.php\/wp-json\/wp\/v2\/tags?post=243285"}],"curies":[{"name":"wp","href":"https:\/\/api.w.org\/{rel}","templated":true}]}}