{"id":243286,"date":"2026-01-17T09:00:32","date_gmt":"2026-01-17T12:00:32","guid":{"rendered":"https:\/\/corrientesdetarde.com\/?p=243286"},"modified":"2026-01-17T09:00:33","modified_gmt":"2026-01-17T12:00:33","slug":"el-corazon-de-la-ciudad-latio-al-ritmo-del-desfile-internacional-de-fuelles","status":"publish","type":"post","link":"https:\/\/corrientesdetarde.com\/index.php\/cultura\/el-corazon-de-la-ciudad-latio-al-ritmo-del-desfile-internacional-de-fuelles\/","title":{"rendered":"El coraz\u00f3n de la ciudad lati\u00f3 al ritmo del Desfile Internacional de Fuelles"},"content":{"rendered":"\n<p>La peatonal Jun\u00edn se transform\u00f3 en una gran bailanta a cielo abierto. El intenso calor, con una t\u00e9rmica que superaba los 40\u00baC, no detuvo a los m\u00fasicos de diversas provincias y Brasil que se unieron en una caravana mel\u00f3dica que anticipa el inicio de la Fiesta Nacional del Chamam\u00e9.<\/p>\n\n\n\n<p>Como ya es una tradici\u00f3n que marca el pulso de la previa a la Fiesta Grande, la peatonal Jun\u00edn volvi\u00f3 a ser el escenario de un encuentro \u00fanico: el Desfile Internacional de Fuelles. Pasadas las 20, el principal paseo comercial de Corrientes se vio invadido por el sonido de acordeones y bandoneones que, junto a varios guitarristas, partieron desde la plaza Vera hacia la plaza Cabral contagiando el esp\u00edritu chamamecero a cada transe\u00fante.<\/p>\n\n\n\n<p>Bajo la organizaci\u00f3n del acordeonista y gestor cultural Ignacio Porra, esta edici\u00f3n de acordeonistas chamameceros reafirm\u00f3 su car\u00e1cter internacional. La caravana, a la que no detuvieron los 40\u00baC de sensaci\u00f3n t\u00e9rmica, no solo cont\u00f3 con talentos locales y regionales, sino que sum\u00f3 la presencia de m\u00fasicos llegados desde el sur de Brasil, demostrando que el chamam\u00e9, como Patrimonio Cultural Inmaterial de la Humanidad, no conoce fronteras.<\/p>\n\n\n\n<p>El desfile no fue solo una muestra musical; fue un encuentro generacional, ya que ni\u00f1os que apenas dan sus primeros pasos con el instrumento caminaron a la par de maestros experimentados de nuestra m\u00fasica. Entre el gent\u00edo, las parejas no tardaron en armarse: vecinos y turistas, cargados con bolsas de compras o simplemente de paseo, se detuvieron para improvisar un zapateo o un sapuk\u00e1i que reson\u00f3 entre los edificios del centro y que fue registrado por cientos de tel\u00e9fonos celulares a su paso.<\/p>\n\n\n\n<p>&#8220;Esta es una propuesta para que la gente se apropie del chamam\u00e9 en el espacio p\u00fablico&#8221;, destac\u00f3 Porra durante el recorrido. La iniciativa busca sacar la m\u00fasica del anfiteatro para llevarla al encuentro directo con el pueblo, convirtiendo las veredas en una pista de baile improvisada donde el \u00fanico requisito es el sentimiento.<\/p>\n\n\n\n<figure class=\"wp-block-image\"><img decoding=\"async\" src=\"https:\/\/www.diarioepoca.com\/content\/bucket\/6\/1470786w380h133c.jpg.webp\" alt=\"\"\/><\/figure>\n\n\n\n<h2 class=\"wp-block-heading\">Rumbo al Cocomarola<\/h2>\n\n\n\n<p>Este despliegue de acordeonistas sirve como el pr\u00f3logo ideal para la apertura oficial de la 35\u00aa Fiesta Nacional del Chamam\u00e9. Mientras los fuelles se despiden de la peatonal, el ambiente ya se prepara para el encendido de las luces en el anfiteatro Mario del Tr\u00e1nsito Cocomarola.<\/p>\n\n\n\n<p>Para quienes se perdieron el desfile, la m\u00fasica continuar\u00e1 hoy viernes con serenatas de bienvenida a los turistas en la terminal y el aeropuerto, como as\u00ed tambi\u00e9n, a las 10, en el Hospital de Salud Mental &#8220;San Francisco de As\u00eds&#8221;, asegurando que cada persona que pise suelo correntino sepa que ha llegado a la &#8220;Capital Mundial del Chamam\u00e9&#8221;.<\/p>\n\n\n\n<p>El dato de color fue que el desfile cont\u00f3 con la participaci\u00f3n especial de una delegaci\u00f3n internacional, destacando el fuerte arraigo del g\u00e9nero del Sur de Brasil con presencia de &#8220;gaiteros&#8221; de esa regi\u00f3n.<\/p>\n","protected":false},"excerpt":{"rendered":"<p>La peatonal Jun\u00edn se transform\u00f3 en una gran bailanta a cielo abierto. El intenso calor, con una t\u00e9rmica que superaba los 40\u00baC, no detuvo a los m\u00fasicos de diversas provincias&hellip; <\/p>\n","protected":false},"author":3,"featured_media":243304,"comment_status":"closed","ping_status":"open","sticky":false,"template":"","format":"standard","meta":{"footnotes":""},"categories":[15],"tags":[],"class_list":["post-243286","post","type-post","status-publish","format-standard","has-post-thumbnail","hentry","category-cultura"],"_links":{"self":[{"href":"https:\/\/corrientesdetarde.com\/index.php\/wp-json\/wp\/v2\/posts\/243286","targetHints":{"allow":["GET"]}}],"collection":[{"href":"https:\/\/corrientesdetarde.com\/index.php\/wp-json\/wp\/v2\/posts"}],"about":[{"href":"https:\/\/corrientesdetarde.com\/index.php\/wp-json\/wp\/v2\/types\/post"}],"author":[{"embeddable":true,"href":"https:\/\/corrientesdetarde.com\/index.php\/wp-json\/wp\/v2\/users\/3"}],"replies":[{"embeddable":true,"href":"https:\/\/corrientesdetarde.com\/index.php\/wp-json\/wp\/v2\/comments?post=243286"}],"version-history":[{"count":1,"href":"https:\/\/corrientesdetarde.com\/index.php\/wp-json\/wp\/v2\/posts\/243286\/revisions"}],"predecessor-version":[{"id":243326,"href":"https:\/\/corrientesdetarde.com\/index.php\/wp-json\/wp\/v2\/posts\/243286\/revisions\/243326"}],"wp:featuredmedia":[{"embeddable":true,"href":"https:\/\/corrientesdetarde.com\/index.php\/wp-json\/wp\/v2\/media\/243304"}],"wp:attachment":[{"href":"https:\/\/corrientesdetarde.com\/index.php\/wp-json\/wp\/v2\/media?parent=243286"}],"wp:term":[{"taxonomy":"category","embeddable":true,"href":"https:\/\/corrientesdetarde.com\/index.php\/wp-json\/wp\/v2\/categories?post=243286"},{"taxonomy":"post_tag","embeddable":true,"href":"https:\/\/corrientesdetarde.com\/index.php\/wp-json\/wp\/v2\/tags?post=243286"}],"curies":[{"name":"wp","href":"https:\/\/api.w.org\/{rel}","templated":true}]}}