{"id":243430,"date":"2026-01-18T19:14:00","date_gmt":"2026-01-18T22:14:00","guid":{"rendered":"https:\/\/corrientesdetarde.com\/?p=243430"},"modified":"2026-01-18T19:46:59","modified_gmt":"2026-01-18T22:46:59","slug":"confirman-18-muertos-por-los-incendios-forestales-en-el-sur-de-chile","status":"publish","type":"post","link":"https:\/\/corrientesdetarde.com\/index.php\/internacionales\/confirman-18-muertos-por-los-incendios-forestales-en-el-sur-de-chile\/","title":{"rendered":"Confirman 18 muertos por los incendios forestales en el sur de Chile."},"content":{"rendered":"\n<h2 class=\"wp-block-heading\">Al menos 20.000 hect\u00e1reas fueron afectadas. \u00d1uble y Biob\u00edo son las regiones con mayores complicaciones.<\/h2>\n\n\n\n<p>En medio de los feroces\u00a0<strong>incendios\u00a0forestales\u00a0que azotan el sur de Chile<\/strong>, las autoridades confirmaron al menos\u00a0<strong>18 muertos y m\u00e1s de 50.000 evacuados.<\/strong><\/p>\n\n\n\n<p>\u201cTenemos un n\u00famero hoy confirmado de 18 personas fallecidas, pero tenemos la certeza de que ese n\u00famero va a aumentar\u201d, afirm\u00f3 el presidente,\u00a0<strong>Gabriel Boric<\/strong>, que viaj\u00f3 a la ciudad de Concepci\u00f3n para liderar las labores de combate del fuego. Adem\u00e1s, decret\u00f3 \u201ctoque de queda\u201d nocturno en las localidades m\u00e1s afectadas.<\/p>\n\n\n\n<p>Las llamas, activadas por las altas temperaturas y fuertes vientos en el verano austral, han arrasado con varios sectores poblados de las regiones del \u00d1uble y Biob\u00edo, unos 500 km al sur de Santiago.pa\/cjc<\/p>\n\n\n\n<p>El fuego comenz\u00f3 este s\u00e1bado y arrasa las regiones de \u00d1uble y Biob\u00edo, a unos 500 kil\u00f3metros al sur de Santiago, seg\u00fan confirm\u00f3 el ministro de Seguridad, Luis Cordero.<\/p>\n\n\n\n<p>Las<strong>&nbsp;altas temperaturas y los fuertes vientos<\/strong>&nbsp;ampliaron el desastre en la zona que avanz\u00f3 durante la madrugada y destruy\u00f3 varias poblaciones.<\/p>\n\n\n\n<p>Sof\u00eda Mart\u00ednez, periodista de\u00a0<em>Teletrece<\/em>, explic\u00f3 que la situaci\u00f3n es cr\u00edtica y se espera que el n\u00famero de fallecidos aumente con las horas. \u201cTodas las v\u00edctimas fatales fueron encontradas dentro de sus casas. Las autoridades piden que los vecinos se vayan\u201d, detall\u00f3.<\/p>\n\n\n\n<figure class=\"wp-block-image\"><img decoding=\"async\" src=\"https:\/\/tn.com.ar\/resizer\/v2\/los-incendios-provocaron-que-mas-de-50000-personas-fueran-evacuadas-foto-reutersjuan-gonzalez-32NFRX7EXBJVXYWZLDNVEGTXRM.jpg?auth=10e4284862b89fec49950f5e355a0e601cbce157f4c3b351f3827222bfd24d27&amp;width=767\" alt=\"Los incendios provocaron que m\u00e1s de 50.000 personas fueran evacuadas. (Foto: REUTERS\/Juan Gonzalez)\"\/><figcaption class=\"wp-element-caption\">Los incendios provocaron que m\u00e1s de 50.000 personas fueran evacuadas. (Foto: REUTERS\/Juan Gonzalez)<\/figcaption><\/figure>\n\n\n\n<p>Sumado a ello, inform\u00f3 que se quemaron dos centros de educaci\u00f3n, uno inaugurado el a\u00f1o pasado.<\/p>\n\n\n\n<p><strong>\u201cEstamos enfrentando un cuadro complejo\u201d,&nbsp;<\/strong>alert\u00f3 el ministro del Interior, \u00c1lvaro Elizalde y especific\u00f3 que<strong>&nbsp;hay m\u00e1s de 3700 bomberos combatiendo las llamas.<\/strong><\/p>\n\n\n\n<p>En este contexto, el presidente chileno, Gabriel Boric, emiti\u00f3 un comunicado.<strong>&nbsp;\u201cAnte los graves incendios en curso he decidido declarar estado de cat\u00e1strofe en las regiones de \u00d1uble y Biob\u00edo. Todos los recursos est\u00e1n disponibles\u201d<\/strong>, inform\u00f3 el mandatario en una publicaci\u00f3n en&nbsp;<em>X.<\/em><\/p>\n\n\n\n<p>Adem\u00e1s,&nbsp;<strong>se espera que en las pr\u00f3ximas horas viaje a la zona del desastre<\/strong>. Los medios locales reportan que hay al menos 14 focos activos.<\/p>\n\n\n\n<p>El avance del fuego<strong>&nbsp;colaps\u00f3 rutas y oblig\u00f3 al desalojo de centros asistenciales<\/strong>, como el hospital de Lirqu\u00e9n, mientras las autoridades locales intentan contener los saqueos y brindar asistencia b\u00e1sica a los miles de damnificados que lo perdieron todo.<\/p>\n\n\n\n<p><strong>Las condiciones clim\u00e1ticas de este domingo \u201cson muy dif\u00edciles\u201d<\/strong>&nbsp;para dominar el incendio \u201cque est\u00e1 absolutamente descontrolado\u201d, asegur\u00f3 el director de la Corporaci\u00f3n Nacional Forestal de Biob\u00edo (Conaf), Esteban Krause. Para ambas regiones se esperaban temperaturas por encima de los 30 grados y fuertes vientos. \u201cPara las pr\u00f3ximas horas las condiciones clim\u00e1ticas no son buenas y dan cuenta de temperaturas extremas\u201d, dijo el ministro Elizalde.<\/p>\n\n\n\n<p>Durante la jornada se emitieron 87 mensajes del Sistema de Alerta de Emergencia (SAE), lo que ha implicado la&nbsp;<strong>evacuaci\u00f3n&nbsp;<\/strong>de m\u00e1s de&nbsp;<strong>50.000 personas.&nbsp;<\/strong>A la par, contin\u00faan habilitados seis albergues en \u00d1uble y ocho en Biob\u00edo, con m\u00e1s de 160 y 700 personas refugiadas, respectivamente.<\/p>\n\n\n\n<p>Elizalde adelant\u00f3 que el Gobierno eval\u00faa decretar toque de queda, especialmente en horario nocturno, para limitar los desplazamientos y evitar la aparici\u00f3n de nuevos focos de incendio. \u201cEste estado de excepci\u00f3n permite restringir ciertos derechos y libertades, y se adoptar\u00e1n las medidas que sean necesarias para proteger la vida de las personas\u201d, remarc\u00f3.<\/p>\n","protected":false},"excerpt":{"rendered":"<p>Al menos 20.000 hect\u00e1reas fueron afectadas. \u00d1uble y Biob\u00edo son las regiones con mayores complicaciones. En medio de los feroces\u00a0incendios\u00a0forestales\u00a0que azotan el sur de Chile, las autoridades confirmaron al menos\u00a018&hellip; <\/p>\n","protected":false},"author":6,"featured_media":243432,"comment_status":"closed","ping_status":"open","sticky":false,"template":"","format":"standard","meta":{"footnotes":""},"categories":[11],"tags":[],"class_list":["post-243430","post","type-post","status-publish","format-standard","has-post-thumbnail","hentry","category-internacionales"],"_links":{"self":[{"href":"https:\/\/corrientesdetarde.com\/index.php\/wp-json\/wp\/v2\/posts\/243430","targetHints":{"allow":["GET"]}}],"collection":[{"href":"https:\/\/corrientesdetarde.com\/index.php\/wp-json\/wp\/v2\/posts"}],"about":[{"href":"https:\/\/corrientesdetarde.com\/index.php\/wp-json\/wp\/v2\/types\/post"}],"author":[{"embeddable":true,"href":"https:\/\/corrientesdetarde.com\/index.php\/wp-json\/wp\/v2\/users\/6"}],"replies":[{"embeddable":true,"href":"https:\/\/corrientesdetarde.com\/index.php\/wp-json\/wp\/v2\/comments?post=243430"}],"version-history":[{"count":1,"href":"https:\/\/corrientesdetarde.com\/index.php\/wp-json\/wp\/v2\/posts\/243430\/revisions"}],"predecessor-version":[{"id":243434,"href":"https:\/\/corrientesdetarde.com\/index.php\/wp-json\/wp\/v2\/posts\/243430\/revisions\/243434"}],"wp:featuredmedia":[{"embeddable":true,"href":"https:\/\/corrientesdetarde.com\/index.php\/wp-json\/wp\/v2\/media\/243432"}],"wp:attachment":[{"href":"https:\/\/corrientesdetarde.com\/index.php\/wp-json\/wp\/v2\/media?parent=243430"}],"wp:term":[{"taxonomy":"category","embeddable":true,"href":"https:\/\/corrientesdetarde.com\/index.php\/wp-json\/wp\/v2\/categories?post=243430"},{"taxonomy":"post_tag","embeddable":true,"href":"https:\/\/corrientesdetarde.com\/index.php\/wp-json\/wp\/v2\/tags?post=243430"}],"curies":[{"name":"wp","href":"https:\/\/api.w.org\/{rel}","templated":true}]}}