{"id":243433,"date":"2026-01-18T19:21:00","date_gmt":"2026-01-18T22:21:00","guid":{"rendered":"https:\/\/corrientesdetarde.com\/?p=243433"},"modified":"2026-01-18T19:48:36","modified_gmt":"2026-01-18T22:48:36","slug":"senegal-se-corono-campeon-de-la-copa-africa","status":"publish","type":"post","link":"https:\/\/corrientesdetarde.com\/index.php\/informacion-general\/senegal-se-corono-campeon-de-la-copa-africa\/","title":{"rendered":"Senegal se coron\u00f3 campe\u00f3n de la Copa \u00c1frica."},"content":{"rendered":"\n<h2 class=\"wp-block-heading\">El partido se disput\u00f3 en Rabat y tuvo un electrizante cierre. El conjunto senegales hab\u00eda abandonado la cancha luego de dos fallos arbitrales que consider\u00f3 injustos. Cuando se reanud\u00f3 el juego, el local err\u00f3 un penal y finalmente lleg\u00f3 el gol de Pape Gueye para liquidar el encuentro.<\/h2>\n\n\n\n<p><strong>Senegal le gan\u00f3 1-0 a Marruecos\u00a0<\/strong>este domingo por la final de la\u00a0<strong>Copa \u00c1frica (CAN)\u00a0<\/strong>en el estadio Moulay Abdellah de Rabat. El final del partido tuvo un verdadero esc\u00e1ndalo:\u00a0<strong>los futbolistas senegaleses abandonaron la cancha\u00a0<\/strong>luego de que el \u00e1rbitro sancionara un penal para el equipo local en el minuto 98. Instantes antes, les hab\u00eda anulado un gol.<\/p>\n\n\n\n<p>Tras algunos minutos,\u00a0<strong>Senegal volvi\u00f3 a la cancha y Brahim D\u00edaz, futbolista del Real Madrid, err\u00f3 el penal de Marruecos<\/strong>: quiso picar la pelota, pero lo hizo con demasiada suavidad y el arquero contuvo su remate con facilidad.<\/p>\n\n\n\n<p>El tiempo reglamentario termin\u00f3 con un empate 0-0 y el partido se defini\u00f3 en el alargue. En el arranque del tiempo extra,&nbsp;<strong>Pape Gueye&nbsp;<\/strong>marc\u00f3 el 1-0 para Senegal.<\/p>\n\n\n\n<p>El&nbsp;<strong>cierre fue electrizante<\/strong>: Marruecos tuvo su gran chance para empatar con un cabezazo que peg\u00f3 en el travesa\u00f1o, en tanto que Senegal no pudo liquidar el encuentro en un mano a mano con el arquero que desperdici\u00f3 incre\u00edblemente.<\/p>\n\n\n\n<p>El marcador ya no se movi\u00f3 y el pitazo final decret\u00f3 el&nbsp;<strong>t\u00edtulo de Senegal, el segundo de la historia en la Copa \u00c1frica luego del conseguido en 2021.&nbsp;<\/strong>Los jugadores festejaron fervorosamente dentro de la cancha.<\/p>\n","protected":false},"excerpt":{"rendered":"<p>El partido se disput\u00f3 en Rabat y tuvo un electrizante cierre. El conjunto senegales hab\u00eda abandonado la cancha luego de dos fallos arbitrales que consider\u00f3 injustos. Cuando se reanud\u00f3 el&hellip; <\/p>\n","protected":false},"author":6,"featured_media":243435,"comment_status":"closed","ping_status":"open","sticky":false,"template":"","format":"standard","meta":{"footnotes":""},"categories":[1],"tags":[],"class_list":["post-243433","post","type-post","status-publish","format-standard","has-post-thumbnail","hentry","category-informacion-general"],"_links":{"self":[{"href":"https:\/\/corrientesdetarde.com\/index.php\/wp-json\/wp\/v2\/posts\/243433","targetHints":{"allow":["GET"]}}],"collection":[{"href":"https:\/\/corrientesdetarde.com\/index.php\/wp-json\/wp\/v2\/posts"}],"about":[{"href":"https:\/\/corrientesdetarde.com\/index.php\/wp-json\/wp\/v2\/types\/post"}],"author":[{"embeddable":true,"href":"https:\/\/corrientesdetarde.com\/index.php\/wp-json\/wp\/v2\/users\/6"}],"replies":[{"embeddable":true,"href":"https:\/\/corrientesdetarde.com\/index.php\/wp-json\/wp\/v2\/comments?post=243433"}],"version-history":[{"count":1,"href":"https:\/\/corrientesdetarde.com\/index.php\/wp-json\/wp\/v2\/posts\/243433\/revisions"}],"predecessor-version":[{"id":243438,"href":"https:\/\/corrientesdetarde.com\/index.php\/wp-json\/wp\/v2\/posts\/243433\/revisions\/243438"}],"wp:featuredmedia":[{"embeddable":true,"href":"https:\/\/corrientesdetarde.com\/index.php\/wp-json\/wp\/v2\/media\/243435"}],"wp:attachment":[{"href":"https:\/\/corrientesdetarde.com\/index.php\/wp-json\/wp\/v2\/media?parent=243433"}],"wp:term":[{"taxonomy":"category","embeddable":true,"href":"https:\/\/corrientesdetarde.com\/index.php\/wp-json\/wp\/v2\/categories?post=243433"},{"taxonomy":"post_tag","embeddable":true,"href":"https:\/\/corrientesdetarde.com\/index.php\/wp-json\/wp\/v2\/tags?post=243433"}],"curies":[{"name":"wp","href":"https:\/\/api.w.org\/{rel}","templated":true}]}}