{"id":243436,"date":"2026-01-18T19:28:00","date_gmt":"2026-01-18T22:28:00","guid":{"rendered":"https:\/\/corrientesdetarde.com\/?p=243436"},"modified":"2026-01-18T19:50:54","modified_gmt":"2026-01-18T22:50:54","slug":"murio-roger-allers-leyenda-de-disney-que-creo-clasicos-como-el-rey-leon","status":"publish","type":"post","link":"https:\/\/corrientesdetarde.com\/index.php\/espectaculos\/murio-roger-allers-leyenda-de-disney-que-creo-clasicos-como-el-rey-leon\/","title":{"rendered":"Muri\u00f3 Roger Allers, leyenda de Disney que cre\u00f3 cl\u00e1sicos como \u201cEl Rey Le\u00f3n\u201d."},"content":{"rendered":"\n<h2 class=\"wp-block-heading\">Fue una figura central detr\u00e1s de los grandes cl\u00e1sicos animados de los a\u00f1os 90 y su trabajo ayud\u00f3 a definir una era inolvidable del estudio.<\/h2>\n\n\n\n<p>El mundo de la animaci\u00f3n despide a una de sus figuras m\u00e1s influyentes.\u00a0<strong>Roger Allers<\/strong>, director, guionista y uno de los grandes arquitectos del llamado \u201crenacimiento Disney\u201d, muri\u00f3 a los 76 a\u00f1os. Su nombre qued\u00f3 ligado para siempre a pel\u00edculas que marcaron generaciones, entre ellas\u00a0<em><strong>El Rey Le\u00f3n<\/strong><\/em>,\u00a0<em><strong>La Sirenita<\/strong><\/em>,\u00a0<em><strong>Aladd\u00edn<\/strong><\/em>y\u00a0<em><strong>La Bella y la Bestia<\/strong><\/em>.<\/p>\n\n\n\n<p>La noticia fue confirmada por Dave Bossert, productor y colaborador cercano de Allers, quien expres\u00f3 su dolor a trav\u00e9s de un emotivo mensaje. \u201cEra un artista extraordinario y un verdadero pilar de la animaci\u00f3n de Disney\u201d, escribi\u00f3, y revel\u00f3 que apenas d\u00edas antes hab\u00edan intercambiado correos mientras el cineasta se encontraba de viaje por Egipto.<\/p>\n\n\n\n<p>Allers comenz\u00f3 su camino en Disney a principios de los a\u00f1os 80 como parte del equipo de storyboard de&nbsp;<em>Tron<\/em>&nbsp;y fue creciendo dentro del estudio hasta convertirse en una pieza clave detr\u00e1s de c\u00e1mara. Particip\u00f3 en t\u00edtulos fundamentales como&nbsp;<em>Oliver y su pandilla<\/em>&nbsp;y&nbsp;<em>La Sirenita<\/em>, y luego asumi\u00f3 un rol central en&nbsp;<em>La Bella y la Bestia<\/em>, antes de alcanzar<strong>&nbsp;el reconocimiento mundial como codirector de&nbsp;<\/strong><em><strong>El Rey Le\u00f3n<\/strong><\/em><strong>&nbsp;junto a Rob Minkoff.<\/strong><\/p>\n\n\n\n<p>El \u00e9xito de la pel\u00edcula de 1994 fue hist\u00f3rico y le vali\u00f3, entre otros premios, un Globo de Oro. Sin embargo, quienes trabajaron con \u00e9l destacan que la fama nunca alter\u00f3 su forma de ser.&nbsp;<strong>\u201cTrataba a todos con el mismo respeto, sin importar el cargo\u201d<\/strong>, record\u00f3 Bossert, quien tambi\u00e9n resalt\u00f3 su sensibilidad, su entusiasmo y su esp\u00edritu generoso dentro del estudio.<\/p>\n\n\n\n<figure class=\"wp-block-image\"><img decoding=\"async\" src=\"https:\/\/tn.com.ar\/resizer\/v2\/roger-allers-fue-uno-de-los-creativos-detras-de-grandes-exitos-de-disney-foto-instagram-rogerallers-2WOMIZIJUJGZPKECHXZ335MV7Y.jpg?auth=97fb97cb0f0959686aa8d5cf43f6910e046a7a771cea87b2b216ed2a514efe92&amp;width=767\" alt=\"Roger Allers fue uno de los creativos detr\u00e1s de grandes \u00e9xitos de Disney. (Foto: Instagram \/ rogerallers)\"\/><figcaption class=\"wp-element-caption\">Roger Allers fue uno de los creativos detr\u00e1s de grandes \u00e9xitos de Disney. (Foto: Instagram \/ rogerallers)<\/figcaption><\/figure>\n\n\n\n<p>El impacto de Allers en Disney fue mucho m\u00e1s all\u00e1 de una sola pel\u00edcula. Durante los a\u00f1os 90 y 2000 colabor\u00f3 en proyectos como<em><strong>Las locuras del emperador<\/strong><\/em>,&nbsp;<em><strong>Lilo &amp; Stitch<\/strong><\/em>&nbsp;y el corto&nbsp;<em><strong>The Little Matchgirl<\/strong><\/em>. Adem\u00e1s,&nbsp;<strong>fue el responsable de llevar&nbsp;<\/strong><em><strong>El Rey Le\u00f3n<\/strong><\/em><strong>&nbsp;al teatro<\/strong>, como autor de la versi\u00f3n de Broadway que gan\u00f3 el premio Tony.<\/p>\n\n\n\n<p>Desde Disney, el CEO&nbsp;<strong>Bob Iger lo despidi\u00f3 con un comunicado en el que lo defini\u00f3 como \u201cun visionario creativo\u201d&nbsp;<\/strong>y subray\u00f3 que su legado seguir\u00e1 vivo durante generaciones. \u201cEntend\u00eda como pocos el poder de una buena historia y la uni\u00f3n entre personajes, emoci\u00f3n y m\u00fasica\u201d, afirm\u00f3.<\/p>\n\n\n\n<p>Nacido el 29 de junio de 1949 en Nueva York y criado en Arizona, Allers se form\u00f3 en artes pl\u00e1sticas y trabaj\u00f3 en distintos proyectos antes de consolidar su carrera en Disney. Tambi\u00e9n desarroll\u00f3 trabajos fuera del estudio, como&nbsp;<em>Open Season<\/em>&nbsp;y&nbsp;<em>The Prophet<\/em>.<\/p>\n\n\n\n<p>Roger Allers deja a su exesposa Leslee Hackenson y a sus dos hijos, Leah y Aidan. Su obra, sin embargo, seguir\u00e1 viva en algunas de las pel\u00edculas m\u00e1s queridas de la historia del cine animado.<\/p>\n","protected":false},"excerpt":{"rendered":"<p>Fue una figura central detr\u00e1s de los grandes cl\u00e1sicos animados de los a\u00f1os 90 y su trabajo ayud\u00f3 a definir una era inolvidable del estudio. El mundo de la animaci\u00f3n&hellip; <\/p>\n","protected":false},"author":6,"featured_media":243439,"comment_status":"closed","ping_status":"open","sticky":false,"template":"","format":"standard","meta":{"footnotes":""},"categories":[19],"tags":[],"class_list":["post-243436","post","type-post","status-publish","format-standard","has-post-thumbnail","hentry","category-espectaculos"],"_links":{"self":[{"href":"https:\/\/corrientesdetarde.com\/index.php\/wp-json\/wp\/v2\/posts\/243436","targetHints":{"allow":["GET"]}}],"collection":[{"href":"https:\/\/corrientesdetarde.com\/index.php\/wp-json\/wp\/v2\/posts"}],"about":[{"href":"https:\/\/corrientesdetarde.com\/index.php\/wp-json\/wp\/v2\/types\/post"}],"author":[{"embeddable":true,"href":"https:\/\/corrientesdetarde.com\/index.php\/wp-json\/wp\/v2\/users\/6"}],"replies":[{"embeddable":true,"href":"https:\/\/corrientesdetarde.com\/index.php\/wp-json\/wp\/v2\/comments?post=243436"}],"version-history":[{"count":1,"href":"https:\/\/corrientesdetarde.com\/index.php\/wp-json\/wp\/v2\/posts\/243436\/revisions"}],"predecessor-version":[{"id":243440,"href":"https:\/\/corrientesdetarde.com\/index.php\/wp-json\/wp\/v2\/posts\/243436\/revisions\/243440"}],"wp:featuredmedia":[{"embeddable":true,"href":"https:\/\/corrientesdetarde.com\/index.php\/wp-json\/wp\/v2\/media\/243439"}],"wp:attachment":[{"href":"https:\/\/corrientesdetarde.com\/index.php\/wp-json\/wp\/v2\/media?parent=243436"}],"wp:term":[{"taxonomy":"category","embeddable":true,"href":"https:\/\/corrientesdetarde.com\/index.php\/wp-json\/wp\/v2\/categories?post=243436"},{"taxonomy":"post_tag","embeddable":true,"href":"https:\/\/corrientesdetarde.com\/index.php\/wp-json\/wp\/v2\/tags?post=243436"}],"curies":[{"name":"wp","href":"https:\/\/api.w.org\/{rel}","templated":true}]}}