{"id":243442,"date":"2026-01-18T19:42:00","date_gmt":"2026-01-18T22:42:00","guid":{"rendered":"https:\/\/corrientesdetarde.com\/?p=243442"},"modified":"2026-01-18T20:03:40","modified_gmt":"2026-01-18T23:03:40","slug":"javier-milei-canto-con-el-chaqueno-palavecino-en-jesus-maria","status":"publish","type":"post","link":"https:\/\/corrientesdetarde.com\/index.php\/politica\/javier-milei-canto-con-el-chaqueno-palavecino-en-jesus-maria\/","title":{"rendered":"Javier Milei cant\u00f3 con el Chaque\u00f1o Palavecino en Jes\u00fas Mar\u00eda."},"content":{"rendered":"\n<h2 class=\"wp-block-heading\">El presidente le pidi\u00f3 al popular artista esa canci\u00f3n, y el m\u00fasico lo invit\u00f3 a subir al escenario del anfiteatro Jos\u00e9 Hern\u00e1ndez. All\u00ed, juntos entonaron el hit folcl\u00f3rico.<\/h2>\n\n\n\n<p>Un momento inesperado, llamativo y con ribetes hist\u00f3ricos se vivi\u00f3 en el Festival Nacional de Doma y Folclore de Jes\u00fas Mar\u00eda cuando el presidente Javier Milei comparti\u00f3 escenario con el Chaque\u00f1o Palavecino y cantaron a d\u00fao el cl\u00e1sico folcl\u00f3rico &#8220;Amor Salvaje&#8221;.<\/p>\n\n\n\n<p>El propio mandatario le pidi\u00f3 por micr\u00f3fono al popular artista interpretar esa canci\u00f3n, argumentando que siente &#8220;amor salvaje&#8221; por C\u00f3rdoba. Palavecino acept\u00f3 la propuesta e invit\u00f3 a Milei a subir al escenario del anfiteatro Jos\u00e9 Hern\u00e1ndez, donde ambos entonaron el tema ante el aplauso del p\u00fablico.<\/p>\n\n\n\n<p>La escena se dio en el marco de una noche de gran convocatoria, con entradas agotadas, y r\u00e1pidamente se convirti\u00f3 en uno de los momentos m\u00e1s comentados del festival, que re\u00fane cada a\u00f1o a miles de personas y a las principales figuras del folclore argentino.<\/p>\n\n\n\n<p>El gesto reforz\u00f3 el clima festivo de la velada y sum\u00f3 una postal singular a la historia del tradicional evento jesusmariense.<\/p>\n\n\n\n<p><\/p>\n","protected":false},"excerpt":{"rendered":"<p>El presidente le pidi\u00f3 al popular artista esa canci\u00f3n, y el m\u00fasico lo invit\u00f3 a subir al escenario del anfiteatro Jos\u00e9 Hern\u00e1ndez. All\u00ed, juntos entonaron el hit folcl\u00f3rico. Un momento&hellip; <\/p>\n","protected":false},"author":6,"featured_media":243444,"comment_status":"closed","ping_status":"open","sticky":false,"template":"","format":"standard","meta":{"footnotes":""},"categories":[3],"tags":[],"class_list":["post-243442","post","type-post","status-publish","format-standard","has-post-thumbnail","hentry","category-politica"],"_links":{"self":[{"href":"https:\/\/corrientesdetarde.com\/index.php\/wp-json\/wp\/v2\/posts\/243442","targetHints":{"allow":["GET"]}}],"collection":[{"href":"https:\/\/corrientesdetarde.com\/index.php\/wp-json\/wp\/v2\/posts"}],"about":[{"href":"https:\/\/corrientesdetarde.com\/index.php\/wp-json\/wp\/v2\/types\/post"}],"author":[{"embeddable":true,"href":"https:\/\/corrientesdetarde.com\/index.php\/wp-json\/wp\/v2\/users\/6"}],"replies":[{"embeddable":true,"href":"https:\/\/corrientesdetarde.com\/index.php\/wp-json\/wp\/v2\/comments?post=243442"}],"version-history":[{"count":1,"href":"https:\/\/corrientesdetarde.com\/index.php\/wp-json\/wp\/v2\/posts\/243442\/revisions"}],"predecessor-version":[{"id":243446,"href":"https:\/\/corrientesdetarde.com\/index.php\/wp-json\/wp\/v2\/posts\/243442\/revisions\/243446"}],"wp:featuredmedia":[{"embeddable":true,"href":"https:\/\/corrientesdetarde.com\/index.php\/wp-json\/wp\/v2\/media\/243444"}],"wp:attachment":[{"href":"https:\/\/corrientesdetarde.com\/index.php\/wp-json\/wp\/v2\/media?parent=243442"}],"wp:term":[{"taxonomy":"category","embeddable":true,"href":"https:\/\/corrientesdetarde.com\/index.php\/wp-json\/wp\/v2\/categories?post=243442"},{"taxonomy":"post_tag","embeddable":true,"href":"https:\/\/corrientesdetarde.com\/index.php\/wp-json\/wp\/v2\/tags?post=243442"}],"curies":[{"name":"wp","href":"https:\/\/api.w.org\/{rel}","templated":true}]}}