{"id":243566,"date":"2026-01-20T10:00:01","date_gmt":"2026-01-20T13:00:01","guid":{"rendered":"https:\/\/corrientesdetarde.com\/?p=243566"},"modified":"2026-01-20T10:00:04","modified_gmt":"2026-01-20T13:00:04","slug":"tragedia-en-espana-la-investigacion-baraja-distintas-hipotesis-y-pone-el-foco-en-el-primer-vagon-descarrilado","status":"publish","type":"post","link":"https:\/\/corrientesdetarde.com\/index.php\/internacionales\/tragedia-en-espana-la-investigacion-baraja-distintas-hipotesis-y-pone-el-foco-en-el-primer-vagon-descarrilado\/","title":{"rendered":"Tragedia en Espa\u00f1a: la investigaci\u00f3n baraja distintas hip\u00f3tesis y pone el foco en el primer vag\u00f3n descarrilado"},"content":{"rendered":"\n<p>A 48 horas de lo ocurrido en Adamuz, los peritos analizan por qu\u00e9 el tren de Iryo se sali\u00f3 de la v\u00eda en un tramo recto. El n\u00famero de v\u00edctimas fatales se elev\u00f3 a 41 y hay angustia por las m\u00e1s de 40 personas que todav\u00eda no fueron encontradas.<\/p>\n\n\n\n<p>Espa\u00f1a atraviesa sus horas m\u00e1s oscuras tras\u00a0la mayor tragedia ferroviaria de su historia reciente.\u00a0Mientras los equipos de rescate trabajan a contrarreloj en un terreno de dif\u00edcil acceso en Adamuz (C\u00f3rdoba), la investigaci\u00f3n judicial y t\u00e9cnica ha dado un paso clave:\u00a0<strong>el foco est\u00e1 puesto ahora en la rodadura del primer vag\u00f3n que descarril\u00f3<\/strong>, un elemento que podr\u00eda explicar por qu\u00e9 un tren de \u00faltima tecnolog\u00eda termin\u00f3 invadiendo la v\u00eda contraria y provocando un choque fatal.<\/p>\n\n\n\n<p>El Ministerio de Transporte de Espa\u00f1a y la comisi\u00f3n de investigaci\u00f3n centran sus esfuerzos en determinar\u00a0<strong>el origen del siniestro.<\/strong>\u00a0Seg\u00fan los primeros informes, el accidente ocurri\u00f3 en un tramo recto de alta velocidad donde los trenes circulaban a unos 210 km\/h, por debajo del l\u00edmite de 250 km\/h.<\/p>\n\n\n\n<p>La hip\u00f3tesis principal se divide en dos frentes: por un lado, en la&nbsp;<strong>infraestructura<\/strong>, dado que se detectaron roturas en los ra\u00edles, pero a\u00fan se desconoce si fueron la causa del descarrilamiento o una consecuencia del impacto.<\/p>\n\n\n\n<p>Tambi\u00e9n se sospecha de&nbsp;<strong>un posible fallo mec\u00e1nico o incluso de un objeto extra\u00f1o<\/strong>&nbsp;que pudo desprenderse o ser arrastrado, provocando que la formaci\u00f3n se \u201csaltara\u201d la v\u00eda.<\/p>\n\n\n\n<p>El operativo de rescate se concentra ahora en la utilizaci\u00f3n de&nbsp;<strong>gr\u00faas de gran tonelaje<\/strong>&nbsp;para elevar los restos del tren Alvia de Renfe, que fue el que recibi\u00f3 el impacto lateral y termin\u00f3 cayendo por un talud de cuatro metros.<\/p>\n\n\n\n<figure class=\"wp-block-image\"><img decoding=\"async\" src=\"https:\/\/tn.com.ar\/resizer\/v2\/el-tragico-incidente-ocurrio-en-adamuz-al-sur-de-espana-foto-ap-fotomanu-fernandez-QTJWWGQNFPDAKBJXADGCLAJQTM.jpg?auth=dec7dc132ca96ee5bf5850789857c93410ed3d75f8a90d523d02a7aee1ca282e&amp;width=767\" alt=\"El tr\u00e1gico incidente ocurri\u00f3 en Adamuz, al sur de Espa\u00f1a (Foto: AP Foto\/Manu Fernandez).\"\/><\/figure>\n\n\n\n<p>Las autoridades confirmaron que&nbsp;<strong>la cifra de muertos ascendi\u00f3 a 41<\/strong>, tras el hallazgo de un nuevo cuerpo en el interior de uno de los vagones m\u00e1s afectados.<\/p>\n\n\n\n<p>Sin embargo, el n\u00famero podr\u00eda crecer: la Guardia Civil ha recibido&nbsp;<strong>43 denuncias por desaparici\u00f3n<\/strong>, y se estima que a\u00fan quedan cuerpos atrapados entre los \u201camasijos de hierro\u201d que son imposibles de acceder sin maquinaria pesada.<\/p>\n\n\n\n<h2 class=\"wp-block-heading\">C\u00f3mo fue el accidente de dos trenes de alta velocidad en Espa\u00f1a<\/h2>\n\n\n\n<p>Todo ocurri\u00f3 cerca de las 19 del domingo 18 de enero (hora local) cuando los dos \u00faltimos vagones del tren descarrilaron, y el \u00faltimo de ellos qued\u00f3 volcado sobre uno de sus lados, seg\u00fan relat\u00f3 el periodista de Radio Nacional de Espa\u00f1a (RNE) Salvador Jim\u00e9nez, que viajaba en ese tren en el momento del accidente.<\/p>\n\n\n\n<figure class=\"wp-block-image\"><img decoding=\"async\" src=\"https:\/\/tn.com.ar\/resizer\/v2\/asi-quedaron-los-trenes-luego-de-descarrilarse-en-el-sur-de-espana-foto-efe-CME6Y4TV3RH45PNP5SLSPNDDBQ.jpg?auth=dc09f9eed695840004bd06f4c3eb9a7997786493870cc311f486cb3a97e08216&amp;width=767\" alt=\"As\u00ed quedaron los trenes luego de descarrilarse en el sur de Espa\u00f1a (Foto: EFE).\"\/><\/figure>\n\n\n\n<p>Jim\u00e9nez cont\u00f3 al sitio&nbsp;<em>M\u00e1laga Hoy&nbsp;<\/em>que el accidente se sinti\u00f3 como un sismo: \u201cSentimos como un terremoto. Cuando se produjo el descarrilamiento, se cayeron las cosas, las bandejas&#8230;\u201d.<\/p>\n\n\n\n<p>Adem\u00e1s, relat\u00f3 que los pasajeros tomaron enseguida los martillos de emergencia para&nbsp;<strong>romper las ventanillas de los vagones afectados.<\/strong><\/p>\n\n\n\n<p>El servicio andaluz de emergencias detall\u00f3 que trabajaron numerosas unidades de bomberos, ambulancias y de polic\u00eda en el lugar del accidente.<\/p>\n\n\n\n<p>El gestor ferrioviario espa\u00f1ol Adif tambi\u00e9n inform\u00f3 que el servicio de alta velocidad entre Madrid y Andaluc\u00eda fue cortado y permanece interrumpido.<\/p>\n","protected":false},"excerpt":{"rendered":"<p>A 48 horas de lo ocurrido en Adamuz, los peritos analizan por qu\u00e9 el tren de Iryo se sali\u00f3 de la v\u00eda en un tramo recto. El n\u00famero de v\u00edctimas&hellip; <\/p>\n","protected":false},"author":8,"featured_media":243567,"comment_status":"closed","ping_status":"open","sticky":false,"template":"","format":"standard","meta":{"footnotes":""},"categories":[11],"tags":[],"class_list":["post-243566","post","type-post","status-publish","format-standard","has-post-thumbnail","hentry","category-internacionales"],"_links":{"self":[{"href":"https:\/\/corrientesdetarde.com\/index.php\/wp-json\/wp\/v2\/posts\/243566","targetHints":{"allow":["GET"]}}],"collection":[{"href":"https:\/\/corrientesdetarde.com\/index.php\/wp-json\/wp\/v2\/posts"}],"about":[{"href":"https:\/\/corrientesdetarde.com\/index.php\/wp-json\/wp\/v2\/types\/post"}],"author":[{"embeddable":true,"href":"https:\/\/corrientesdetarde.com\/index.php\/wp-json\/wp\/v2\/users\/8"}],"replies":[{"embeddable":true,"href":"https:\/\/corrientesdetarde.com\/index.php\/wp-json\/wp\/v2\/comments?post=243566"}],"version-history":[{"count":1,"href":"https:\/\/corrientesdetarde.com\/index.php\/wp-json\/wp\/v2\/posts\/243566\/revisions"}],"predecessor-version":[{"id":243568,"href":"https:\/\/corrientesdetarde.com\/index.php\/wp-json\/wp\/v2\/posts\/243566\/revisions\/243568"}],"wp:featuredmedia":[{"embeddable":true,"href":"https:\/\/corrientesdetarde.com\/index.php\/wp-json\/wp\/v2\/media\/243567"}],"wp:attachment":[{"href":"https:\/\/corrientesdetarde.com\/index.php\/wp-json\/wp\/v2\/media?parent=243566"}],"wp:term":[{"taxonomy":"category","embeddable":true,"href":"https:\/\/corrientesdetarde.com\/index.php\/wp-json\/wp\/v2\/categories?post=243566"},{"taxonomy":"post_tag","embeddable":true,"href":"https:\/\/corrientesdetarde.com\/index.php\/wp-json\/wp\/v2\/tags?post=243566"}],"curies":[{"name":"wp","href":"https:\/\/api.w.org\/{rel}","templated":true}]}}