{"id":243569,"date":"2026-01-20T10:03:40","date_gmt":"2026-01-20T13:03:40","guid":{"rendered":"https:\/\/corrientesdetarde.com\/?p=243569"},"modified":"2026-01-20T10:03:50","modified_gmt":"2026-01-20T13:03:50","slug":"la-tristeza-de-sophia-loren-por-la-muerte-de-valentino-siempre-te-llevare-conmigo","status":"publish","type":"post","link":"https:\/\/corrientesdetarde.com\/index.php\/tendencias\/la-tristeza-de-sophia-loren-por-la-muerte-de-valentino-siempre-te-llevare-conmigo\/","title":{"rendered":"La tristeza de Sophia Loren por la muerte de Valentino: \u201cSiempre te llevar\u00e9 conmigo\u201d"},"content":{"rendered":"\n<p>Fueron \u00edntimos amigos. La ic\u00f3nica actriz italiana se visti\u00f3 con el dise\u00f1ador para los grandes momentos de su carrera.<\/p>\n\n\n\n<p>La actriz italiana<strong>\u00a0Sophia Loren<\/strong>\u00a0expres\u00f3 hace algunas horas su\u00a0<strong>profunda tristeza<\/strong>\u00a0por el fallecimiento de su amigo el dise\u00f1ador\u00a0Valentino, quien muri\u00f3 a los 93 a\u00f1os en Roma: \u201cFue un privilegio conocerte y\u00a0<strong>siempre te llevar\u00e9 conmigo<\/strong>\u201d.<\/p>\n\n\n\n<p>\u201cMi querido Valentino, la noticia de tu fallecimiento me entristece profundamente. Conmigo&nbsp;<strong>compartiste momentos de gran afecto y sincero aprecio mutuo<\/strong>. Ten\u00edas un alma gentil, llena de humanidad\u201d, escribi\u00f3 Loren en un mensaje recogido por medios italianos.<\/p>\n\n\n\n<figure class=\"wp-block-image\"><img decoding=\"async\" src=\"https:\/\/tn.com.ar\/resizer\/v2\/valentino-y-su-eterna-musa-sofia-loren-foto-miguel-medina-afp-RXGG6AG5VIR3ZDSHS4ZLQX4A4M.jpg?auth=1a1c83fda4457b89da81c0b68d5308604de2ed1fa4a23bc9d644345962fae2d1&amp;width=767\" alt=\"Valentino y su eterna musa: Sof\u00eda Loren. (Foto: Miguel MEDINA \/ AFP).\"\/><\/figure>\n\n\n\n<p>La actriz a\u00f1adi\u00f3: \u201cFuiste un amigo y&nbsp;<strong>tu arte y tu pasi\u00f3n seguir\u00e1n siendo para siempre una fuente de inspiraci\u00f3n<\/strong>\u201d.<\/p>\n\n\n\n<p>El mensaje de Loren concluy\u00f3 con un abrazo a la familia de Valentino y a Giancarlo Giammetti, su compa\u00f1ero hist\u00f3rico: \u201cMi familia y yo abrazamos con todo el coraz\u00f3n a tu&nbsp;<strong>Giancarlo<\/strong>&nbsp;y a toda tu familia\u201d.<\/p>\n\n\n\n<figure class=\"wp-block-image\"><img decoding=\"async\" src=\"https:\/\/tn.com.ar\/resizer\/v2\/sophia-loren-y-valentino-garavani-en-unos-premios-de-moda-en-milan-en-2019-foto-miguel-medina-afp-R2HBBU3SMRGDVGV62AJEGTU7P4.jpg?auth=b9d30f4b245798a48325f670cb2d06c2a97ea6e613a56812ac26cb1d6073b1e7&amp;width=767\" alt=\"Sophia Loren y Valentino Garavani en unos premios de moda en Mil\u00e1n en 2019. (Foto: Miguel MEDINA \/ AFP)\"\/><\/figure>\n\n\n\n<p>Valentino, que muri\u00f3 en su residencia romana, se convirti\u00f3 en el dise\u00f1ador favorito del \u2018jet set\u2019 internacional durante los a\u00f1os 60 y 70, vistiendo a algunas de las figuras m\u00e1s destacadas de la cultura y el cine de la \u00e9poca.<\/p>\n\n\n\n<p>Entre sus clientas m\u00e1s c\u00e9lebres se encontraban, adem\u00e1s,&nbsp;<strong>Elizabeth Taylor<\/strong>, Audrey Hepburn, Jane Fonda, Anne Hathaway y Grace Kelly, entre otras.<\/p>\n\n\n\n<h2 class=\"wp-block-heading\">Valeria Mazza record\u00f3 a Valentino<\/h2>\n\n\n\n<p>Ic\u00f3nico, creador del color \u201crojo Valentino\u201d y amigo de todas las celebridades de Hollywood,&nbsp;<strong>tuvo una relaci\u00f3n particular con Valeria Mazza<\/strong>, una de sus modelos favoritas en la d\u00e9cada de las supermodelos.<\/p>\n\n\n\n<p>\u201cPara m\u00ed fue un honor, un orgullo y un momento clave en mi carrera hacer los desfiles para Valentino\u201d, comenta Mazza desde Uruguay en conversaci\u00f3n con TN Estilo.<\/p>\n\n\n\n<figure class=\"wp-block-image\"><img decoding=\"async\" src=\"https:\/\/tn.com.ar\/resizer\/v2\/valeria-mazza-desfilando-para-valentino-en-roma-foto-gentileza-valeria-mazza-ZIE3KORPS5HSPGGGVRUD3DUYRQ.jpeg?auth=3fbf13d78ac4e8e3fefc53ee03ac92881eb455f5c92d5fc54bacf25de25471cf&amp;width=767\" alt=\"Valeria Mazza desfilando para Valentino en Roma. (Foto: gentileza Valeria Mazza)\"\/><\/figure>\n\n\n\n<p>\u201cValentino marc\u00f3 una era en la moda. Amaba sus vestidos de noche; me hac\u00edan sentir una reina.&nbsp;<strong>Fue un exceso de talento; sus creaciones ten\u00edan una calidad pocas veces vista<\/strong>. Era superdetallista, estaba en todo, no delegaba nada, desde las pruebas de los desfiles hasta que sal\u00edamos a la pasarela\u201d, agrega la modelo y empresaria.<\/p>\n\n\n\n<p>M\u00e1s all\u00e1 de lo laboral,&nbsp;<strong>Valeria Mazza y Valentino<\/strong>&nbsp;tuvieron una relaci\u00f3n cercana que trascendi\u00f3 la pasarela. Acompa\u00f1\u00f3 al modisto en sus 45 a\u00f1os en la moda con un festejo de tres d\u00edas en Roma y particip\u00f3 en la pel\u00edcula&nbsp;<em>El \u00faltimo emperador<\/em>, que cuenta la historia del creador.<\/p>\n\n\n\n<figure class=\"wp-block-image\"><img decoding=\"async\" src=\"https:\/\/tn.com.ar\/resizer\/v2\/amigos-valeria-mazza-y-valentino-foto-gentileza-valeria-mazza-TAVKKQVTCJACDEPUACTEHCKI5M.jpeg?auth=15d4b3825f84a53f01df83b541aea5a44055cb1d73524f6e1859d07c261f6703&amp;width=767\" alt=\"Amigos: Valeria Mazza y Valentino. (Foto: gentileza Valeria Mazza)\"\/><\/figure>\n\n\n\n<p>\u201cValentino era muy cari\u00f1oso, no solo conmigo, sino con Alejandro y con mis hijos.&nbsp;<strong>Deja un sello imborrable en la moda.<\/strong>&nbsp;Lo despedimos con un fuerte aplauso, como se despide a un gran artista\u201d, finaliz\u00f3 Mazza.<\/p>\n","protected":false},"excerpt":{"rendered":"<p>Fueron \u00edntimos amigos. La ic\u00f3nica actriz italiana se visti\u00f3 con el dise\u00f1ador para los grandes momentos de su carrera. La actriz italiana\u00a0Sophia Loren\u00a0expres\u00f3 hace algunas horas su\u00a0profunda tristeza\u00a0por el fallecimiento&hellip; <\/p>\n","protected":false},"author":8,"featured_media":243570,"comment_status":"closed","ping_status":"open","sticky":false,"template":"","format":"standard","meta":{"footnotes":""},"categories":[28],"tags":[],"class_list":["post-243569","post","type-post","status-publish","format-standard","has-post-thumbnail","hentry","category-tendencias"],"_links":{"self":[{"href":"https:\/\/corrientesdetarde.com\/index.php\/wp-json\/wp\/v2\/posts\/243569","targetHints":{"allow":["GET"]}}],"collection":[{"href":"https:\/\/corrientesdetarde.com\/index.php\/wp-json\/wp\/v2\/posts"}],"about":[{"href":"https:\/\/corrientesdetarde.com\/index.php\/wp-json\/wp\/v2\/types\/post"}],"author":[{"embeddable":true,"href":"https:\/\/corrientesdetarde.com\/index.php\/wp-json\/wp\/v2\/users\/8"}],"replies":[{"embeddable":true,"href":"https:\/\/corrientesdetarde.com\/index.php\/wp-json\/wp\/v2\/comments?post=243569"}],"version-history":[{"count":1,"href":"https:\/\/corrientesdetarde.com\/index.php\/wp-json\/wp\/v2\/posts\/243569\/revisions"}],"predecessor-version":[{"id":243571,"href":"https:\/\/corrientesdetarde.com\/index.php\/wp-json\/wp\/v2\/posts\/243569\/revisions\/243571"}],"wp:featuredmedia":[{"embeddable":true,"href":"https:\/\/corrientesdetarde.com\/index.php\/wp-json\/wp\/v2\/media\/243570"}],"wp:attachment":[{"href":"https:\/\/corrientesdetarde.com\/index.php\/wp-json\/wp\/v2\/media?parent=243569"}],"wp:term":[{"taxonomy":"category","embeddable":true,"href":"https:\/\/corrientesdetarde.com\/index.php\/wp-json\/wp\/v2\/categories?post=243569"},{"taxonomy":"post_tag","embeddable":true,"href":"https:\/\/corrientesdetarde.com\/index.php\/wp-json\/wp\/v2\/tags?post=243569"}],"curies":[{"name":"wp","href":"https:\/\/api.w.org\/{rel}","templated":true}]}}