{"id":24377,"date":"2022-12-01T17:14:24","date_gmt":"2022-12-01T20:14:24","guid":{"rendered":"https:\/\/corrientesdetarde.com\/?p=24377"},"modified":"2022-12-01T17:14:29","modified_gmt":"2022-12-01T20:14:29","slug":"escandalo-en-diputados-entre-gritos-e-insultos-jxc-se-retiro-del-recinto","status":"publish","type":"post","link":"https:\/\/corrientesdetarde.com\/index.php\/nacionales\/escandalo-en-diputados-entre-gritos-e-insultos-jxc-se-retiro-del-recinto\/","title":{"rendered":"Esc\u00e1ndalo en Diputados: entre gritos e insultos JxC se retir\u00f3 del recinto"},"content":{"rendered":"\n<p>El oficialismo comenz\u00f3 el debate con el qu\u00f3rum de 129 legisladores. La oposici\u00f3n planteaba que no lograron juntar la mayor\u00eda a tiempo, por lo tanto denunciaron que el debate era inv\u00e1lido<\/p>\n\n\n\n<p>La sesi\u00f3n para debatir la creaci\u00f3n de varias universidades nacionales en la C\u00e1mara de Diputados comenz\u00f3 con un fuerte cruce entre oficialismo y oposici\u00f3n a ra\u00edz de una discusi\u00f3n reglamentaria:<strong>&nbsp;el Frente de Todos junt\u00f3 los 129 legisladores para tener qu\u00f3rum pero desde Juntos por el Cambio aseguraban que&nbsp;no lo hicieron a tiempo&nbsp;y, por lo tanto, que la&nbsp;sesi\u00f3n estaba ca\u00edda.<\/strong>&nbsp;Tras varios minutos de gritos, c\u00e1nticos e insultos, Juntos por el Cambio&nbsp;se retir\u00f3&nbsp;del recinto y finalmente&nbsp;la sesi\u00f3n fue levantada.<\/p>\n\n\n\n<p>Los cruces entra las bancadas comenzaron inmediatamente despu\u00e9s de cantar el himno y tomarle juramento a Carolina Arricau, que asumi\u00f3 en lugar de Jimena L\u00f3pez, quien pasar\u00e1 a desempe\u00f1arse en el Ministerio de Transporte. Varios diputados opositores se acercaron al estrado de la presidencia de la C\u00e1mara para hacer o\u00edr sus reclamos a Cecilia Moreau, disconformes porque no les dieron el uso de la palabra. Ante esta situaci\u00f3n, legisladoras del Frente de Todos tambi\u00e9n se pararon de sus bancas al grito de \u201cviolentos, violentos\u201d. Luego, Moreau pidi\u00f3 \u201cun minuto de silencio\u201d para ver si se llegaba a un acuerdo. \u201cNo\u201d, fue el grito de respuesta desde las bancadas opositoras.<\/p>\n\n\n\n<p><strong>\u201cA m\u00ed no me van a tratar m\u00e1s as\u00ed por ser mujer\u201d, dijo Moreau.<\/strong>&nbsp;Sus palabras generaron nuevamente gritos y se\u00f1as de repudio desde la bancada opositora.<\/p>\n\n\n\n<p>Desde Juntos por el Cambio argumentan que la sesi\u00f3n estaba convocada para las 13 y que el oficialismo pidi\u00f3&nbsp;pr\u00f3rrogas antirreglamentarias. Por su parte, el jefe del bloque oficialista,&nbsp;Germ\u00e1n Mart\u00ednez, se\u00f1al\u00f3 que al ser una sesi\u00f3n especial, el bloque que convoca tiene la potestad de cambiar el horario de inicio.<\/p>\n\n\n\n<p>\u201c<strong>La sesi\u00f3n especial que est\u00e1 llevando adelante de prepo el kirchnerismo es nula.&nbsp;Estaba convocada para las 13 horas y empez\u00f3 a las 14.35 horas.<\/strong>&nbsp;Las TRES pr\u00f3rrogas solicitadas por el oficialismo ingresaron luego del horario previsto en la citaci\u00f3n de la sesi\u00f3n.&nbsp;Otro bochorno K\u201d, dijo a trav\u00e9s de las redes sociales,&nbsp;Mario Negri, jefe de la bancada radical.<\/p>\n\n\n\n<p>La primera diputada en tomar la palabra fue la oficialista Blanca Osuna. Durante su discurso la oposici\u00f3n se mantuvo de pie al costado de sus bancas reclamando a los gritos que Moreau \u201ccumpla con el reglamento\u201d. \u201cBorom bom bom,&nbsp;para el pueblo, educaci\u00f3n\u201d, cantaban desde los palcos algunos de los presentes. \u201cIlegal, ilegal, ilegal\u201d, corearon a su turno los diputados del PRO, la UCR y la CC.<\/p>\n\n\n\n<p>\u201cAgarr\u00e1 el reglamento, \u00bfsab\u00e9s leer?\u201d, grit\u00f3&nbsp;Fernando Iglesias&nbsp;luego de que Moreau le diera la palabra a Marcela Passo, otra integrantes del Frente de Todos.<\/p>\n\n\n\n<p>Luego de que\u00a0Maximiliano Ferraro, de la CC, pidiera una moci\u00f3n de orden que fue rechazada, el interbloque de Juntos por el Cambio abandon\u00f3 el recinto.<\/p>\n\n\n\n<p>\u201cEl Frente de Todos y Juntos por el Cambio convirtieron al Congreso en un circo romano. No hay pan, s\u00f3lo circo. Una verg\u00fcenza\u201d, asegur\u00f3&nbsp;Alejandro \u201cTopo\u201d Rodr\u00edguez, presidente del Interbloque Federal, que tambi\u00e9n hab\u00eda abandonado el recindo.<\/p>\n\n\n\n<p>Finalmente,&nbsp;el oficialismo levant\u00f3 la sesi\u00f3n.<\/p>\n","protected":false},"excerpt":{"rendered":"<p>El oficialismo comenz\u00f3 el debate con el qu\u00f3rum de 129 legisladores. La oposici\u00f3n planteaba que no lograron juntar la mayor\u00eda a tiempo, por lo tanto denunciaron que el debate era&hellip; <\/p>\n","protected":false},"author":8,"featured_media":24378,"comment_status":"closed","ping_status":"open","sticky":false,"template":"","format":"standard","meta":{"footnotes":""},"categories":[10],"tags":[],"class_list":["post-24377","post","type-post","status-publish","format-standard","has-post-thumbnail","hentry","category-nacionales"],"_links":{"self":[{"href":"https:\/\/corrientesdetarde.com\/index.php\/wp-json\/wp\/v2\/posts\/24377","targetHints":{"allow":["GET"]}}],"collection":[{"href":"https:\/\/corrientesdetarde.com\/index.php\/wp-json\/wp\/v2\/posts"}],"about":[{"href":"https:\/\/corrientesdetarde.com\/index.php\/wp-json\/wp\/v2\/types\/post"}],"author":[{"embeddable":true,"href":"https:\/\/corrientesdetarde.com\/index.php\/wp-json\/wp\/v2\/users\/8"}],"replies":[{"embeddable":true,"href":"https:\/\/corrientesdetarde.com\/index.php\/wp-json\/wp\/v2\/comments?post=24377"}],"version-history":[{"count":1,"href":"https:\/\/corrientesdetarde.com\/index.php\/wp-json\/wp\/v2\/posts\/24377\/revisions"}],"predecessor-version":[{"id":24379,"href":"https:\/\/corrientesdetarde.com\/index.php\/wp-json\/wp\/v2\/posts\/24377\/revisions\/24379"}],"wp:featuredmedia":[{"embeddable":true,"href":"https:\/\/corrientesdetarde.com\/index.php\/wp-json\/wp\/v2\/media\/24378"}],"wp:attachment":[{"href":"https:\/\/corrientesdetarde.com\/index.php\/wp-json\/wp\/v2\/media?parent=24377"}],"wp:term":[{"taxonomy":"category","embeddable":true,"href":"https:\/\/corrientesdetarde.com\/index.php\/wp-json\/wp\/v2\/categories?post=24377"},{"taxonomy":"post_tag","embeddable":true,"href":"https:\/\/corrientesdetarde.com\/index.php\/wp-json\/wp\/v2\/tags?post=24377"}],"curies":[{"name":"wp","href":"https:\/\/api.w.org\/{rel}","templated":true}]}}