{"id":243797,"date":"2026-01-22T10:54:12","date_gmt":"2026-01-22T13:54:12","guid":{"rendered":"https:\/\/corrientesdetarde.com\/?p=243797"},"modified":"2026-01-22T10:54:18","modified_gmt":"2026-01-22T13:54:18","slug":"milei-volvio-a-atacar-a-lula-y-profundizo-la-tension-jamas-le-daria-el-nombre-de-alguien-de-izquierda","status":"publish","type":"post","link":"https:\/\/corrientesdetarde.com\/index.php\/politica\/milei-volvio-a-atacar-a-lula-y-profundizo-la-tension-jamas-le-daria-el-nombre-de-alguien-de-izquierda\/","title":{"rendered":"Milei volvi\u00f3 a atacar a Lula y profundiz\u00f3 la tensi\u00f3n: \u201cJam\u00e1s le dar\u00eda el nombre de alguien de izquierda\u201d"},"content":{"rendered":"\n<p>El presidente\u00a0<strong>Javier Milei<\/strong>\u00a0volvi\u00f3 a atacar a su par de Brasil <strong>Lula da Silva<\/strong>\u00a0y profundiz\u00f3 la tensi\u00f3n: \u201cJam\u00e1s le dar\u00eda el nombre de alguien de izquierda a mis perros, los amo mucho como para insultarlos, por eso todos tienen nombres de economistas liberales\u201d.<\/p>\n\n\n\n<p>El Presidente lanz\u00f3 un<strong>\u00a0comentario ir\u00f3nico<\/strong>\u00a0sobre su par de\u00a0Brasil, que\u00a0<strong>no estuvo<\/strong>\u00a0en la firma del acuerdo entre el Mercosur y la Uni\u00f3n Europea (UE), el s\u00e1bado pasado en Paraguay. El libertario dej\u00f3 en claro que la disputa con Lula no tiene retorno: \u201cMi plan es\u00a0<strong>abrirme\u00a0<\/strong>a la Uni\u00f3n Europea, a Estados Unidos, a China y a India\u201d.<\/p>\n\n\n\n<p>Milei aclar\u00f3, igualmente: \u201cAl margen de eso tenemos una<strong>&nbsp;relaci\u00f3n adulta,<\/strong>&nbsp;esto no es una contienda ideol\u00f3gica y de papers. En el medio est\u00e1 la vida de millones de seres humanos, seguimos avanzando, metimos mucha presi\u00f3n adentro del Mercosur para que empiece a ser&nbsp;<strong>m\u00e1s flexible, m\u00e1s din\u00e1mico&#8221;.<\/strong><\/p>\n\n\n\n<p>El Presidente advirti\u00f3: \u201cFirmar el acuerdo con la UE&nbsp;<strong>tard\u00f3 25 a\u00f1os,<\/strong>&nbsp;mucho tiempo. El mundo actual requiere&nbsp;<strong>m\u00e1s velocidad,&nbsp;<\/strong>moverse m\u00e1s r\u00e1pido, por eso impulsamos trabajar con mucha m\u00e1s flexibilidad&#8221;.<\/p>\n\n\n\n<p>Milei reclam\u00f3, en declaraciones a&nbsp;<em>Bloomberg TV:<\/em>&nbsp;\u201cHay que&nbsp;<strong>adaptarse,<\/strong>&nbsp;no es una cuesti\u00f3n de lo que le venga bien a los bur\u00f3cratas, los \u2018calienta asientos\u2019 que cobran toneladas de d\u00f3lares para no hacer nada, para el bur\u00f3crata el resultado es nada y el procedimiento todo, y lo que necesita la gente son resultados\u201d.<\/p>\n\n\n\n<p>El mandatario destac\u00f3: \u201cNosotros trabajamos para generar&nbsp;<strong>resultados&nbsp;<\/strong>para la gente, entonces todo lo que sea para mejorar el comercio lo vamos a hacer. O sea,<strong>&nbsp;no voy a romper nada,<\/strong>&nbsp;pero todo lo que puedo hacer por ganar m\u00e1s comercio lo voy a hacer. Si otros pa\u00edses deciden tomar otras decisiones son&nbsp;<strong>soberanos,&nbsp;<\/strong>que hagan lo que quieran. Yo trabajo para el bienestar de los 47,5 millones de argentinos\u201d.<\/p>\n\n\n\n<h2 class=\"wp-block-heading\">Javier Milei: \u201cTrabajo para hacer de la Argentina un pa\u00eds m\u00e1s abierto\u201d<\/h2>\n\n\n\n<p>Milei confirm\u00f3 su pol\u00edtica de apertura comercial: \u201cQuiero una econom\u00eda abierta. Mire el peso que tiene la econom\u00eda china en el mundo y usted va a entender que tengo que tener comercio con&nbsp;<strong>China.&nbsp;<\/strong>Mire c\u00f3mo est\u00e1 evolucionando<strong>&nbsp;India,&nbsp;<\/strong>y tengo que tener comercio con India. Bueno, eso es lo que estoy trabajando, en hacer a Argentina claramente&nbsp;<strong>un pa\u00eds m\u00e1s abierto.&nbsp;<\/strong>\u201cMi plan es&nbsp;<strong>abrirme&nbsp;<\/strong>a la Uni\u00f3n Europea, abrirme a EFTA, abrirme a&nbsp;<strong>Estados Unidos<\/strong>&nbsp;y abrirme a China, quiero una econom\u00eda abierta&#8221;.<\/p>\n\n\n\n<p>El Presidente dijo: Gobierno para 47,5 millones de argentinos y tomo las decisiones que m\u00e1s favorecen a los argentinos, y parte de ello es que Argentina, que&nbsp;<strong>es un pa\u00eds muy cerrado,<\/strong>&nbsp;o sea, la Argentina es el pa\u00eds m\u00e1s cerrado del mundo, dado su PBI per c\u00e1pita, Argentina tendr\u00eda que tener una relaci\u00f3n de comercio respecto al PBI cerca del 90%, un poco m\u00e1s del 90%, y tiene 30%. En estricto rigor, 28%\u201c.<\/p>\n","protected":false},"excerpt":{"rendered":"<p>El presidente\u00a0Javier Milei\u00a0volvi\u00f3 a atacar a su par de Brasil Lula da Silva\u00a0y profundiz\u00f3 la tensi\u00f3n: \u201cJam\u00e1s le dar\u00eda el nombre de alguien de izquierda a mis perros, los amo&hellip; <\/p>\n","protected":false},"author":8,"featured_media":243798,"comment_status":"closed","ping_status":"open","sticky":false,"template":"","format":"standard","meta":{"footnotes":""},"categories":[3],"tags":[],"class_list":["post-243797","post","type-post","status-publish","format-standard","has-post-thumbnail","hentry","category-politica"],"_links":{"self":[{"href":"https:\/\/corrientesdetarde.com\/index.php\/wp-json\/wp\/v2\/posts\/243797","targetHints":{"allow":["GET"]}}],"collection":[{"href":"https:\/\/corrientesdetarde.com\/index.php\/wp-json\/wp\/v2\/posts"}],"about":[{"href":"https:\/\/corrientesdetarde.com\/index.php\/wp-json\/wp\/v2\/types\/post"}],"author":[{"embeddable":true,"href":"https:\/\/corrientesdetarde.com\/index.php\/wp-json\/wp\/v2\/users\/8"}],"replies":[{"embeddable":true,"href":"https:\/\/corrientesdetarde.com\/index.php\/wp-json\/wp\/v2\/comments?post=243797"}],"version-history":[{"count":1,"href":"https:\/\/corrientesdetarde.com\/index.php\/wp-json\/wp\/v2\/posts\/243797\/revisions"}],"predecessor-version":[{"id":243799,"href":"https:\/\/corrientesdetarde.com\/index.php\/wp-json\/wp\/v2\/posts\/243797\/revisions\/243799"}],"wp:featuredmedia":[{"embeddable":true,"href":"https:\/\/corrientesdetarde.com\/index.php\/wp-json\/wp\/v2\/media\/243798"}],"wp:attachment":[{"href":"https:\/\/corrientesdetarde.com\/index.php\/wp-json\/wp\/v2\/media?parent=243797"}],"wp:term":[{"taxonomy":"category","embeddable":true,"href":"https:\/\/corrientesdetarde.com\/index.php\/wp-json\/wp\/v2\/categories?post=243797"},{"taxonomy":"post_tag","embeddable":true,"href":"https:\/\/corrientesdetarde.com\/index.php\/wp-json\/wp\/v2\/tags?post=243797"}],"curies":[{"name":"wp","href":"https:\/\/api.w.org\/{rel}","templated":true}]}}