{"id":24380,"date":"2022-12-01T17:16:45","date_gmt":"2022-12-01T20:16:45","guid":{"rendered":"https:\/\/corrientesdetarde.com\/?p=24380"},"modified":"2022-12-01T17:16:49","modified_gmt":"2022-12-01T20:16:49","slug":"tramitar-el-descuento-sube-de-anses-para-beneficiarios-de-planes-sociales","status":"publish","type":"post","link":"https:\/\/corrientesdetarde.com\/index.php\/economia\/tramitar-el-descuento-sube-de-anses-para-beneficiarios-de-planes-sociales\/","title":{"rendered":"Tramitar el descuento SUBE de Anses para beneficiarios de planes sociales"},"content":{"rendered":"\n<p>La Administraci\u00f3n Nacional de la Seguridad Social recuerda a sus beneficiarios que tienen la posibilidad de acceder a\u00a0descuentos SUBE de Anses. Para acceder deber\u00e1n realizar el tr\u00e1mite de Tarifa Social de Transporte. \u00a0<\/p>\n\n\n\n<h2 class=\"wp-block-heading\"><strong>Acceder a 55% de descuento en transporte p\u00fablico<\/strong><\/h2>\n\n\n\n<p>El organismo previsional le recuerda a su gran n\u00famero de beneficiarios que tienen la posibilidad de acceder a un 55 por ciento de descuento en pasajes de transporte p\u00fablico tramitando la tarifa social de transporte.<\/p>\n\n\n\n<p>El organismo previsional comienza a partir de esta semana con los pagos correspondientes al mes de diciembre con el&nbsp;aumento Anses del 15,62%&nbsp;que se confirm\u00f3 a mediados del mes de noviembre, que modifica los montos a cobrar durante el trimestre que abarca diciembre 2022 y enero y febrero de 2023.<\/p>\n\n\n\n<h2 class=\"wp-block-heading\"><strong>\u00bfComo tener descuentos SUBE de Anses?<\/strong><\/h2>\n\n\n\n<p>A los beneficiarios del organismo previsional que dirige Mar\u00eda Fernanda Raverta, como, por ejemplo, jubilados, pensionados, titulares la Asignaci\u00f3n Universal por Hijo, a titulares de Asignaci\u00f3n Universal por Embarazo, entre otros que pueden acceder al descuento en los pasajes de transporte p\u00fablico por medio de la&nbsp;Tarjeta SUBE.<\/p>\n\n\n\n<p>Se trata de la&nbsp;Tarifa Social de Transporte&nbsp;disponible para ciertos beneficiarios de Anses y empleadas de casas particulares, es decir, el servicio dom\u00e9stico. La aplicaci\u00f3n al mismo no es autom\u00e1tica, para obtenerlo ser\u00e1 necesario tramitar con el organismo la activaci\u00f3n de la&nbsp;Tarjeta SUBE, del Sistema \u00danico de Boleto Electr\u00f3nico.<\/p>\n\n\n\n<p>La tarifa social por medio del cual se otorgan los&nbsp;descuentos SUBE de Anses&nbsp;es el beneficio ha creado por el Estado Nacional en conjunto con el Ministerio de Transporte para viajar con un descuento de hasta el 55 por ciento.<\/p>\n\n\n\n<p>Para realizar este tr\u00e1mite, la persona que est\u00e9 interesada tiene que ingresar al sitio web oficial de Anses en&nbsp;www.anses.gob.ar, buscar el bot\u00f3n azul que dice Mi Anses e ingresar con su n\u00famero de CUIL y clave seguridad social.<\/p>\n\n\n\n<h3 class=\"wp-block-heading\"><strong>Cargar la SUBE para descuento<\/strong><\/h3>\n\n\n\n<p>Una vez que se encuentren en el men\u00fa deber\u00e1n seleccionar la opci\u00f3n que dice \u201cProgramas y beneficios\u201d y luego cliquear en la secci\u00f3n de \u201cgenerar PIN SUBE\u201d.<\/p>\n\n\n\n<p>En ese momento sistema proceder\u00e1 a generar un c\u00f3digo que tiene que ser registrado con el nombre la tarjeta en tarjetasube.sube.gob.ar. Luego, tendr\u00e1 que activar el beneficio en una terminal autom\u00e1tica o con la aplicaci\u00f3n para tel\u00e9fonos celulares&nbsp;Carga SUBE&nbsp;si el tel\u00e9fono se encuentra habilitado para hacerlo.<\/p>\n\n\n\n<p>Este tr\u00e1mite tambi\u00e9n puede ser llevado a cabo las oficinas de la Administraci\u00f3n Nacional de la Seguridad Social, para tal fin no ser\u00e1 necesario que pidan un turno con anticipaci\u00f3n o bien, ir a un centro de atenci\u00f3n SUBE.<\/p>\n","protected":false},"excerpt":{"rendered":"<p>La Administraci\u00f3n Nacional de la Seguridad Social recuerda a sus beneficiarios que tienen la posibilidad de acceder a\u00a0descuentos SUBE de Anses. Para acceder deber\u00e1n realizar el tr\u00e1mite de Tarifa Social&hellip; <\/p>\n","protected":false},"author":8,"featured_media":24381,"comment_status":"closed","ping_status":"open","sticky":false,"template":"","format":"standard","meta":{"footnotes":""},"categories":[20],"tags":[],"class_list":["post-24380","post","type-post","status-publish","format-standard","has-post-thumbnail","hentry","category-economia"],"_links":{"self":[{"href":"https:\/\/corrientesdetarde.com\/index.php\/wp-json\/wp\/v2\/posts\/24380","targetHints":{"allow":["GET"]}}],"collection":[{"href":"https:\/\/corrientesdetarde.com\/index.php\/wp-json\/wp\/v2\/posts"}],"about":[{"href":"https:\/\/corrientesdetarde.com\/index.php\/wp-json\/wp\/v2\/types\/post"}],"author":[{"embeddable":true,"href":"https:\/\/corrientesdetarde.com\/index.php\/wp-json\/wp\/v2\/users\/8"}],"replies":[{"embeddable":true,"href":"https:\/\/corrientesdetarde.com\/index.php\/wp-json\/wp\/v2\/comments?post=24380"}],"version-history":[{"count":1,"href":"https:\/\/corrientesdetarde.com\/index.php\/wp-json\/wp\/v2\/posts\/24380\/revisions"}],"predecessor-version":[{"id":24382,"href":"https:\/\/corrientesdetarde.com\/index.php\/wp-json\/wp\/v2\/posts\/24380\/revisions\/24382"}],"wp:featuredmedia":[{"embeddable":true,"href":"https:\/\/corrientesdetarde.com\/index.php\/wp-json\/wp\/v2\/media\/24381"}],"wp:attachment":[{"href":"https:\/\/corrientesdetarde.com\/index.php\/wp-json\/wp\/v2\/media?parent=24380"}],"wp:term":[{"taxonomy":"category","embeddable":true,"href":"https:\/\/corrientesdetarde.com\/index.php\/wp-json\/wp\/v2\/categories?post=24380"},{"taxonomy":"post_tag","embeddable":true,"href":"https:\/\/corrientesdetarde.com\/index.php\/wp-json\/wp\/v2\/tags?post=24380"}],"curies":[{"name":"wp","href":"https:\/\/api.w.org\/{rel}","templated":true}]}}