{"id":243800,"date":"2026-01-22T10:58:22","date_gmt":"2026-01-22T13:58:22","guid":{"rendered":"https:\/\/corrientesdetarde.com\/?p=243800"},"modified":"2026-01-22T10:58:34","modified_gmt":"2026-01-22T13:58:34","slug":"valdes-superviso-obras-de-limpieza-de-canales-en-santa-ana","status":"publish","type":"post","link":"https:\/\/corrientesdetarde.com\/index.php\/actualidad\/valdes-superviso-obras-de-limpieza-de-canales-en-santa-ana\/","title":{"rendered":"Vald\u00e9s supervis\u00f3 obras de limpieza de canales en Santa Ana"},"content":{"rendered":"\n<p>El gobernador de la provincia, Juan Pablo Vald\u00e9s, supervis\u00f3 los trabajos de limpieza de canales que se llevan adelante en la localidad de Santa Ana, obras fundamentales para mejorar el escurrimiento del agua y prevenir anegamientos en distintos sectores del ejido urbano.<\/p>\n\n\n\n<p>En ese marco, se inform\u00f3 que ya finalizaron las tareas de limpieza del Canal 9, un conducto clave que desagua aproximadamente el 70 por ciento de la localidad, constituyendo una intervenci\u00f3n estrat\u00e9gica para la seguridad h\u00eddrica de la comunidad. Actualmente, los trabajos contin\u00faan en el Canal 10, que permite el escurrimiento de la zona del Ingenio Primer Correntino, y posteriormente se avanzar\u00e1 con el Canal 11, correspondiente a Colonia \u00c1lvarez.<\/p>\n\n\n\n<p>Las obras se concretan a partir de las gestiones realizadas por el Municipio de Santa Ana ante el Gobierno Provincial, en respuesta a una demanda prioritaria de los vecinos, especialmente ante las condiciones clim\u00e1ticas y la necesidad de prevenir inundaciones.<\/p>\n\n\n\n<p>La intendente Silvana Almir\u00f3n destac\u00f3 el acompa\u00f1amiento del Gobierno provincial y agradeci\u00f3 al gobernador Juan Pablo Vald\u00e9s por las respuestas inmediatas, la supervisi\u00f3n permanente de los trabajos y el apoyo constante a las gestiones locales, que permiten avanzar con acciones concretas en beneficio de toda la comunidad.<\/p>\n\n\n\n<p><strong>\u201cContinuemos trabajando juntos\u201d<\/strong><\/p>\n\n\n\n<p>Acompa\u00f1ado por la jefa comunal; el ministro de Obras P\u00fablicas, Jorge Meza y el ingeniero Eduardo Alarico de Vialidad provincial, el mandatario&nbsp;dio cuenta que con todas estas intervenciones, \u201cel agua se va a escurrir de una mejor manera\u201d cuando llueva copiosamente&nbsp;en la localidad.<\/p>\n\n\n\n<p>Asimismo, el titular del Ejecutivo inst\u00f3 a \u201cseguir trabajando mancomunadamente&nbsp;para continuar mitigando los efectos de la lluvia\u201d.<\/p>\n","protected":false},"excerpt":{"rendered":"<p>El gobernador de la provincia, Juan Pablo Vald\u00e9s, supervis\u00f3 los trabajos de limpieza de canales que se llevan adelante en la localidad de Santa Ana, obras fundamentales para mejorar el&hellip; <\/p>\n","protected":false},"author":8,"featured_media":243801,"comment_status":"closed","ping_status":"open","sticky":false,"template":"","format":"standard","meta":{"footnotes":""},"categories":[23],"tags":[],"class_list":["post-243800","post","type-post","status-publish","format-standard","has-post-thumbnail","hentry","category-actualidad"],"_links":{"self":[{"href":"https:\/\/corrientesdetarde.com\/index.php\/wp-json\/wp\/v2\/posts\/243800","targetHints":{"allow":["GET"]}}],"collection":[{"href":"https:\/\/corrientesdetarde.com\/index.php\/wp-json\/wp\/v2\/posts"}],"about":[{"href":"https:\/\/corrientesdetarde.com\/index.php\/wp-json\/wp\/v2\/types\/post"}],"author":[{"embeddable":true,"href":"https:\/\/corrientesdetarde.com\/index.php\/wp-json\/wp\/v2\/users\/8"}],"replies":[{"embeddable":true,"href":"https:\/\/corrientesdetarde.com\/index.php\/wp-json\/wp\/v2\/comments?post=243800"}],"version-history":[{"count":1,"href":"https:\/\/corrientesdetarde.com\/index.php\/wp-json\/wp\/v2\/posts\/243800\/revisions"}],"predecessor-version":[{"id":243802,"href":"https:\/\/corrientesdetarde.com\/index.php\/wp-json\/wp\/v2\/posts\/243800\/revisions\/243802"}],"wp:featuredmedia":[{"embeddable":true,"href":"https:\/\/corrientesdetarde.com\/index.php\/wp-json\/wp\/v2\/media\/243801"}],"wp:attachment":[{"href":"https:\/\/corrientesdetarde.com\/index.php\/wp-json\/wp\/v2\/media?parent=243800"}],"wp:term":[{"taxonomy":"category","embeddable":true,"href":"https:\/\/corrientesdetarde.com\/index.php\/wp-json\/wp\/v2\/categories?post=243800"},{"taxonomy":"post_tag","embeddable":true,"href":"https:\/\/corrientesdetarde.com\/index.php\/wp-json\/wp\/v2\/tags?post=243800"}],"curies":[{"name":"wp","href":"https:\/\/api.w.org\/{rel}","templated":true}]}}