{"id":243803,"date":"2026-01-22T11:05:14","date_gmt":"2026-01-22T14:05:14","guid":{"rendered":"https:\/\/corrientesdetarde.com\/?p=243803"},"modified":"2026-01-22T11:05:27","modified_gmt":"2026-01-22T14:05:27","slug":"lazaro-caballero-en-la-sexta-noche-de-la-fiesta-del-chamame","status":"publish","type":"post","link":"https:\/\/corrientesdetarde.com\/index.php\/locales\/lazaro-caballero-en-la-sexta-noche-de-la-fiesta-del-chamame\/","title":{"rendered":"L\u00e1zaro Caballero en la sexta noche de la Fiesta del Chamam\u00e9"},"content":{"rendered":"\n<p>El artista destac\u00f3 la conexi\u00f3n con la gente y reivindic\u00f3 al chamam\u00e9 como una expresi\u00f3n cultural que atraviesa la vida cotidiana. La presentaci\u00f3n dej\u00f3 sensaciones de gratitud y emoci\u00f3n compartida.<\/p>\n\n\n\n<p><\/p>\n\n\n\n<p><a href=\"https:\/\/api.whatsapp.com\/send?text=L%C3%A1zaro%20Caballero:%20destacado%20de%20la%20sexta%20noche%20de%20la%20Fiesta%20del%20Chamam%C3%A9%20-%20https:\/\/www.diarioepoca.com\/1372167-lazaro-caballero-destacado-de-la-sexta-noche-de-la-fiesta-del-chamame?utm_source=WhatsApp%26utm_medium=WhatsApp%26utm_campaign=WhatsApp%26utm_term=WhatsApp\" target=\"_blank\" rel=\"noreferrer noopener\"><\/a><a href=\"https:\/\/www.diarioepoca.com\/1372167-lazaro-caballero-destacado-de-la-sexta-noche-de-la-fiesta-del-chamame#\"><\/a><a href=\"https:\/\/www.diarioepoca.com\/1372167-lazaro-caballero-destacado-de-la-sexta-noche-de-la-fiesta-del-chamame#\"><\/a>Pasadas las 1, L\u00e1zaro Caballero se present\u00f3 en el Anfiteatro Mario del Tr\u00e1nsito Cocomarola, en la ciudad de Corrientes, en el marco de la Fiesta Nacional del Chamam\u00e9, donde brind\u00f3 un show ante un p\u00fablico multitudinario proveniente de distintas provincias.<\/p>\n\n\n\n<p>&#8220;La verdad que nos sentimos s\u00faper felices por la reacci\u00f3n del p\u00fablico, creo que el intercambio de energ\u00eda fue mutuo y tremendo&#8221;, afirm\u00f3 el m\u00fasico, quien remarc\u00f3 que el chamam\u00e9 &#8220;no es solamente la m\u00fasica, sino una manera de ser, de vivir, de comer y de vestirse&#8221;.<\/p>\n\n\n\n<p>En ese sentido, se\u00f1al\u00f3 que la conexi\u00f3n con la gente es una marca personal desde sus comienzos: &#8220;Siempre fui igual, muy euf\u00f3rico, me gusta interactuar y hacer participar al p\u00fablico, creo que nos distinguimos por eso&#8221;.<\/p>\n\n\n\n<p>Caballero sostuvo: &#8220;Me llevo un Cocomarola repleto, el acompa\u00f1amiento de toda la gente de Corrientes y de otras provincias. Me voy con el coraz\u00f3n muy contento&#8221;.\u00a0<\/p>\n\n\n\n<figure class=\"wp-block-image size-full\"><img loading=\"lazy\" decoding=\"async\" width=\"850\" height=\"498\" src=\"https:\/\/corrientesdetarde.com\/wp-content\/uploads\/2026\/01\/image-447.png\" alt=\"\" class=\"wp-image-243804\" srcset=\"https:\/\/corrientesdetarde.com\/wp-content\/uploads\/2026\/01\/image-447.png 850w, https:\/\/corrientesdetarde.com\/wp-content\/uploads\/2026\/01\/image-447-300x176.png 300w, https:\/\/corrientesdetarde.com\/wp-content\/uploads\/2026\/01\/image-447-768x450.png 768w\" sizes=\"auto, (max-width: 850px) 100vw, 850px\" \/><\/figure>\n","protected":false},"excerpt":{"rendered":"<p>El artista destac\u00f3 la conexi\u00f3n con la gente y reivindic\u00f3 al chamam\u00e9 como una expresi\u00f3n cultural que atraviesa la vida cotidiana. La presentaci\u00f3n dej\u00f3 sensaciones de gratitud y emoci\u00f3n compartida.&hellip; <\/p>\n","protected":false},"author":8,"featured_media":243805,"comment_status":"closed","ping_status":"open","sticky":false,"template":"","format":"standard","meta":{"footnotes":""},"categories":[8],"tags":[],"class_list":["post-243803","post","type-post","status-publish","format-standard","has-post-thumbnail","hentry","category-locales"],"_links":{"self":[{"href":"https:\/\/corrientesdetarde.com\/index.php\/wp-json\/wp\/v2\/posts\/243803","targetHints":{"allow":["GET"]}}],"collection":[{"href":"https:\/\/corrientesdetarde.com\/index.php\/wp-json\/wp\/v2\/posts"}],"about":[{"href":"https:\/\/corrientesdetarde.com\/index.php\/wp-json\/wp\/v2\/types\/post"}],"author":[{"embeddable":true,"href":"https:\/\/corrientesdetarde.com\/index.php\/wp-json\/wp\/v2\/users\/8"}],"replies":[{"embeddable":true,"href":"https:\/\/corrientesdetarde.com\/index.php\/wp-json\/wp\/v2\/comments?post=243803"}],"version-history":[{"count":1,"href":"https:\/\/corrientesdetarde.com\/index.php\/wp-json\/wp\/v2\/posts\/243803\/revisions"}],"predecessor-version":[{"id":243806,"href":"https:\/\/corrientesdetarde.com\/index.php\/wp-json\/wp\/v2\/posts\/243803\/revisions\/243806"}],"wp:featuredmedia":[{"embeddable":true,"href":"https:\/\/corrientesdetarde.com\/index.php\/wp-json\/wp\/v2\/media\/243805"}],"wp:attachment":[{"href":"https:\/\/corrientesdetarde.com\/index.php\/wp-json\/wp\/v2\/media?parent=243803"}],"wp:term":[{"taxonomy":"category","embeddable":true,"href":"https:\/\/corrientesdetarde.com\/index.php\/wp-json\/wp\/v2\/categories?post=243803"},{"taxonomy":"post_tag","embeddable":true,"href":"https:\/\/corrientesdetarde.com\/index.php\/wp-json\/wp\/v2\/tags?post=243803"}],"curies":[{"name":"wp","href":"https:\/\/api.w.org\/{rel}","templated":true}]}}