{"id":243810,"date":"2026-01-22T11:42:49","date_gmt":"2026-01-22T14:42:49","guid":{"rendered":"https:\/\/corrientesdetarde.com\/?p=243810"},"modified":"2026-01-22T11:42:52","modified_gmt":"2026-01-22T14:42:52","slug":"apertura-2026-se-abre-el-telon-con-cinco-partidos","status":"publish","type":"post","link":"https:\/\/corrientesdetarde.com\/index.php\/deportes\/apertura-2026-se-abre-el-telon-con-cinco-partidos\/","title":{"rendered":"APERTURA 2026: SE ABRE EL TELON CON CINCO PARTIDOS"},"content":{"rendered":"\n<p>(Nicol\u00e1s Reif Coco Ram\u00f3n) &#8211; V\u00e9lez, Hurac\u00e1n y Platense, entre otros, ponen primera en la m\u00e1xima categor\u00eda del f\u00fatbol nacional.<\/p>\n\n\n\n<figure class=\"wp-block-embed is-type-video is-provider-youtube wp-block-embed-youtube wp-embed-aspect-16-9 wp-has-aspect-ratio\"><div class=\"wp-block-embed__wrapper\">\n<iframe loading=\"lazy\" title=\"Arranca la liga de la AFA\" width=\"1110\" height=\"624\" src=\"https:\/\/www.youtube.com\/embed\/LUM4pQb2cH8?feature=oembed\" frameborder=\"0\" allow=\"accelerometer; autoplay; clipboard-write; encrypted-media; gyroscope; picture-in-picture; web-share\" referrerpolicy=\"strict-origin-when-cross-origin\" allowfullscreen><\/iframe>\n<\/div><\/figure>\n\n\n\n<p><br>A casi un mes del duelo entre Estudiantes y Platense por el trofeo de campeones, el campeonato argentino de primera divisi\u00f3n est\u00e1 de regreso y lo har\u00e1 a lo grande este jueves con cinco encuentros.<br>En primer turno, desde las 17, por TNT Sports, un Aldosivi que se salv\u00f3 del descenso in extremis en 2025 recibir\u00e1 en Mar del Plata a Defensa y Justicia.<br>Posteriormente, a las 20 horas, y conjuntamente con el partido que sostendr\u00e1n en Santa Fe Uni\u00f3n y Platense (ESPN), Banfield estar\u00e1 recibiendo en el Florencio Sola al Hurac\u00e1n de Diego Martinez (TNT Sports).<br>Finalmente, la jornada futbolera de jueves culminar\u00e1 a las 22.15 con dos cotejos.<br>En C\u00f3rdoba, por TNT Sports, Instituto ser\u00e1 anfitri\u00f3n de un V\u00e9lez Sarsfield que intentar\u00e1 recuperar la senda ganadora tras un 2025 que lo vio quedarse afuera de competencias internacionales.<br>[7:18 a.\u00a0m., 22\/1\/2026] Cholo Reif: En Santiago del Estero, por ESPN Premium, el recientemente ascendido Gimnasia y Esgrima de Mendoza visitar\u00e1 el Madre de Ciudades para enfrentar al campe\u00f3n de la Copa Argentina 2024, Central C\u00f3rdoba.<\/p>\n","protected":false},"excerpt":{"rendered":"<p>(Nicol\u00e1s Reif Coco Ram\u00f3n) &#8211; V\u00e9lez, Hurac\u00e1n y Platense, entre otros, ponen primera en la m\u00e1xima categor\u00eda del f\u00fatbol nacional. A casi un mes del duelo entre Estudiantes y Platense&hellip; <\/p>\n","protected":false},"author":11,"featured_media":146389,"comment_status":"closed","ping_status":"open","sticky":false,"template":"","format":"standard","meta":{"footnotes":""},"categories":[4],"tags":[],"class_list":["post-243810","post","type-post","status-publish","format-standard","has-post-thumbnail","hentry","category-deportes"],"_links":{"self":[{"href":"https:\/\/corrientesdetarde.com\/index.php\/wp-json\/wp\/v2\/posts\/243810","targetHints":{"allow":["GET"]}}],"collection":[{"href":"https:\/\/corrientesdetarde.com\/index.php\/wp-json\/wp\/v2\/posts"}],"about":[{"href":"https:\/\/corrientesdetarde.com\/index.php\/wp-json\/wp\/v2\/types\/post"}],"author":[{"embeddable":true,"href":"https:\/\/corrientesdetarde.com\/index.php\/wp-json\/wp\/v2\/users\/11"}],"replies":[{"embeddable":true,"href":"https:\/\/corrientesdetarde.com\/index.php\/wp-json\/wp\/v2\/comments?post=243810"}],"version-history":[{"count":1,"href":"https:\/\/corrientesdetarde.com\/index.php\/wp-json\/wp\/v2\/posts\/243810\/revisions"}],"predecessor-version":[{"id":243811,"href":"https:\/\/corrientesdetarde.com\/index.php\/wp-json\/wp\/v2\/posts\/243810\/revisions\/243811"}],"wp:featuredmedia":[{"embeddable":true,"href":"https:\/\/corrientesdetarde.com\/index.php\/wp-json\/wp\/v2\/media\/146389"}],"wp:attachment":[{"href":"https:\/\/corrientesdetarde.com\/index.php\/wp-json\/wp\/v2\/media?parent=243810"}],"wp:term":[{"taxonomy":"category","embeddable":true,"href":"https:\/\/corrientesdetarde.com\/index.php\/wp-json\/wp\/v2\/categories?post=243810"},{"taxonomy":"post_tag","embeddable":true,"href":"https:\/\/corrientesdetarde.com\/index.php\/wp-json\/wp\/v2\/tags?post=243810"}],"curies":[{"name":"wp","href":"https:\/\/api.w.org\/{rel}","templated":true}]}}