{"id":243815,"date":"2026-01-22T18:36:19","date_gmt":"2026-01-22T21:36:19","guid":{"rendered":"https:\/\/corrientesdetarde.com\/?p=243815"},"modified":"2026-01-22T18:36:31","modified_gmt":"2026-01-22T21:36:31","slug":"el-ministerio-de-ciencia-y-tecnologia-lanzo-el-programa-verano-tecnologico-en-casa-de-gobierno","status":"publish","type":"post","link":"https:\/\/corrientesdetarde.com\/index.php\/actualidad\/el-ministerio-de-ciencia-y-tecnologia-lanzo-el-programa-verano-tecnologico-en-casa-de-gobierno\/","title":{"rendered":"El Ministerio de Ciencia y Tecnolog\u00eda lanz\u00f3 el programa &#8220;Verano Tecnol\u00f3gico&#8221; en Casa de Gobierno"},"content":{"rendered":"\n<p>El Ministerio de Ciencia y Tecnolog\u00eda realiz\u00f3 este jueves el lanzamiento oficial del programa &#8220;Verano Tecnol\u00f3gico&#8221;, una iniciativa que se desarrollar\u00e1 durante los meses de enero y febrero con una amplia agenda de actividades orientadas a promover la innovaci\u00f3n, la formaci\u00f3n y el acceso a la tecnolog\u00eda en distintos puntos del territorio provincial.<\/p>\n\n\n\n<p>El acto tuvo lugar en el Sal\u00f3n Verde de Casa de Gobierno y sirvi\u00f3 como presentaci\u00f3n formal de un programa que contempla m\u00faltiples propuestas en diversos formatos, destinadas a p\u00fablicos variados y con fuerte anclaje territorial.<\/p>\n\n\n\n<p>En esta primera instancia, se dieron a conocer dos de las actividades que forman parte de la agenda de &#8220;Verano Tecnol\u00f3gico&#8221;. La primera de ellas es \u201cIber\u00e1 en 360\u201d, que tendr\u00e1 lugar en el Centro Tecnol\u00f3gico de Paso de los Libres. Se trata de una experiencia inmersiva de realidad virtual que permite recorrer los Esteros del Iber\u00e1 a trav\u00e9s de caminatas, paseos en bote y traves\u00edas a caballo, sin necesidad de desplazarse f\u00edsicamente del Centro Tecnol\u00f3gico.<\/p>\n\n\n\n<p>La actividad se llevar\u00e1 a cabo el viernes 23 de 17 a 20 y propone poner en valor el uso de la tecnolog\u00eda como herramienta para democratizar el acceso al conocimiento, la cultura y el turismo, acercando los paisajes naturales de Corrientes a p\u00fablicos diversos.<\/p>\n\n\n\n<p>Por otra parte, el 29 y 30 de este mes se realizar\u00e1 de manera virtual el festival \u201cSprints: aprende r\u00e1pido, aplica pronto&#8221;. Esta propuesta consiste en un evento intensivo compuesto por m\u00faltiples sprints, es decir, sesiones virtuales breves, pr\u00e1cticas y focalizadas, en las que especialistas presentan, demuestran y acompa\u00f1an el desarrollo de proyectos reales.<\/p>\n\n\n\n<p>\u201cLa jornada del jueves 29 se trabajar\u00e1 lo que son habilidades blandas como la comunicaci\u00f3n, mientras que el viernes 30 habr\u00e1 contenidos m\u00e1s t\u00e9cnicos como impresi\u00f3n 3D, programaci\u00f3n y uso de la inteligencia artificial\u201d, explico el coordinador del evento, Gabriel Molteni, al respecto,<\/p>\n\n\n\n<p>Desde el Ministerio destacaron que estas acciones forman parte de una pol\u00edtica p\u00fablica orientada a fortalecer las capacidades digitales en la provincia, promoviendo el acceso a nuevas tecnolog\u00edas y herramientas TIC en distintos municipios, con una mirada inclusiva y regional.<\/p>\n\n\n\n<p>El programa &#8220;Verano Tecnol\u00f3gico&#8221; continuar\u00e1 desarroll\u00e1ndose a lo largo de febrero con nuevas actividades que se ir\u00e1n anunciando oportunamente. Es por eso que invitaron a seguir las redes del ministerio: @ministeriocytc y @subcoin_ctes (Instagram), @mincytcorrientes y @subcoin_ctes (Youtube).<\/p>\n\n\n\n<p><strong>Ministro Cabrera<\/strong><\/p>\n\n\n\n<p>El ministro de Ciencia y Tecnolog\u00eda, Luciano Cabrera destac\u00f3 el trabajo del equipo t\u00e9cnico y de los disertantes que formar\u00e1n parte del programa, entre ellos profesionales del ministerio y emprendedores locales.<\/p>\n\n\n\n<p>En ese contexto, declar\u00f3 que la iniciativa se enmarca en uno de los ejes de gesti\u00f3n del gobernador Juan Pablo Vald\u00e9s, orientado a fortalecer a cada uno de los municipios de la provincia. En esta primera etapa, el epicentro de las actividades presenciales ser\u00e1 la ciudad de Paso de los Libres, donde funciona el Centro Tecnol\u00f3gico, aunque adelant\u00f3 que el programa se extender\u00e1 de manera progresiva a otras localidades.<\/p>\n\n\n\n<p>Cabrera subray\u00f3 adem\u00e1s que el \u201cVerano Tecnol\u00f3gico\u201d est\u00e1 pensado para personas de todas las edades y perfiles, sin necesidad de contar con formaci\u00f3n t\u00e9cnica previa. \u201cEl conocimiento tiene que circular y no quedar estanco\u201d, sostuvo, al tiempo que invit\u00f3 a la comunidad a participar de las capacitaciones.<\/p>\n\n\n\n<p><strong>Pr\u00f3ximas capacitaciones<\/strong><\/p>\n\n\n\n<p>Micaela Stefani Van Der Woerd, subsecretaria del ministerio, inform\u00f3 que pr\u00f3ximamente se lanzar\u00e1n m\u00e1s talleres que tendr\u00e1n que ver con desarrollo web, marketing digital, alfabetizaci\u00f3n digital, entre otros.<\/p>\n\n\n\n<p>\u201cTodas estas actividades se est\u00e1n programando con una agenda progresiva, por eso es importante que est\u00e9n atentos a los canales oficiales\u201d, recomend\u00f3 la funcionaria. \u201cEstamos apostando al conocimiento y al talento local porque estamos convencidos de que la ciencia y la tecnolog\u00eda contribuyen al desarrollo\u201d, finaliz\u00f3.<\/p>\n","protected":false},"excerpt":{"rendered":"<p>El Ministerio de Ciencia y Tecnolog\u00eda realiz\u00f3 este jueves el lanzamiento oficial del programa &#8220;Verano Tecnol\u00f3gico&#8221;, una iniciativa que se desarrollar\u00e1 durante los meses de enero y febrero con una&hellip; <\/p>\n","protected":false},"author":4,"featured_media":243821,"comment_status":"closed","ping_status":"open","sticky":false,"template":"","format":"standard","meta":{"footnotes":""},"categories":[23],"tags":[],"class_list":["post-243815","post","type-post","status-publish","format-standard","has-post-thumbnail","hentry","category-actualidad"],"_links":{"self":[{"href":"https:\/\/corrientesdetarde.com\/index.php\/wp-json\/wp\/v2\/posts\/243815","targetHints":{"allow":["GET"]}}],"collection":[{"href":"https:\/\/corrientesdetarde.com\/index.php\/wp-json\/wp\/v2\/posts"}],"about":[{"href":"https:\/\/corrientesdetarde.com\/index.php\/wp-json\/wp\/v2\/types\/post"}],"author":[{"embeddable":true,"href":"https:\/\/corrientesdetarde.com\/index.php\/wp-json\/wp\/v2\/users\/4"}],"replies":[{"embeddable":true,"href":"https:\/\/corrientesdetarde.com\/index.php\/wp-json\/wp\/v2\/comments?post=243815"}],"version-history":[{"count":1,"href":"https:\/\/corrientesdetarde.com\/index.php\/wp-json\/wp\/v2\/posts\/243815\/revisions"}],"predecessor-version":[{"id":243822,"href":"https:\/\/corrientesdetarde.com\/index.php\/wp-json\/wp\/v2\/posts\/243815\/revisions\/243822"}],"wp:featuredmedia":[{"embeddable":true,"href":"https:\/\/corrientesdetarde.com\/index.php\/wp-json\/wp\/v2\/media\/243821"}],"wp:attachment":[{"href":"https:\/\/corrientesdetarde.com\/index.php\/wp-json\/wp\/v2\/media?parent=243815"}],"wp:term":[{"taxonomy":"category","embeddable":true,"href":"https:\/\/corrientesdetarde.com\/index.php\/wp-json\/wp\/v2\/categories?post=243815"},{"taxonomy":"post_tag","embeddable":true,"href":"https:\/\/corrientesdetarde.com\/index.php\/wp-json\/wp\/v2\/tags?post=243815"}],"curies":[{"name":"wp","href":"https:\/\/api.w.org\/{rel}","templated":true}]}}