{"id":243819,"date":"2026-01-23T01:51:33","date_gmt":"2026-01-23T04:51:33","guid":{"rendered":"https:\/\/corrientesdetarde.com\/?p=243819"},"modified":"2026-01-23T01:51:40","modified_gmt":"2026-01-23T04:51:40","slug":"incendio-en-un-barrio-de-corrientes-bomberos-rescataron-y-reanimaron-a-un-cachorro","status":"publish","type":"post","link":"https:\/\/corrientesdetarde.com\/index.php\/policiales\/incendio-en-un-barrio-de-corrientes-bomberos-rescataron-y-reanimaron-a-un-cachorro\/","title":{"rendered":"Incendio en un barrio de Corrientes: bomberos rescataron y reanimaron a un cachorro"},"content":{"rendered":"\n<p>El fuego se desat\u00f3 en una vivienda sobre calle Juan de Sol\u00eds. No hubo personas heridas.<\/p>\n\n\n\n<p>Un incendio se registr\u00f3 el mi\u00e9rcoles 21 de enero por la noche en una vivienda del barrio Vera, en la ciudad de Corrientes. El hecho ocurri\u00f3 alrededor de las 19.51 en un domicilio ubicado sobre calle Juan de Sol\u00eds al 3026 y fue controlado por los Bomberos Voluntarios, quienes adem\u00e1s protagonizaron un emotivo rescate.<\/p>\n\n\n\n<p>Seg\u00fan se inform\u00f3, el personal de guardia fue alertado a trav\u00e9s del sistema de emergencias 911 y, al arribar al lugar, inici\u00f3 de inmediato las tareas para sofocar el foco \u00edgneo que se desarrollaba dentro de la casa.<\/p>\n\n\n\n<p>Durante la intervenci\u00f3n, los bomberos advirtieron la presencia de dos animales en el interior de la vivienda: un gato y un perro cachorro. El perrito, de pocos meses de vida, se encontraba inconsciente a causa de la inhalaci\u00f3n de humo. Uno de los efectivos le practic\u00f3 maniobras de reanimaci\u00f3n, logrando que el animal volviera a respirar.<\/p>\n\n\n\n<p>La escena fue presenciada por vecinos del lugar, quienes siguieron el operativo con atenci\u00f3n y expresaron su emoci\u00f3n al ver que el cachorro lograba sobrevivir.<\/p>\n\n\n\n<p>Afortunadamente, no se registraron personas heridas como consecuencia del incendio. Las causas del siniestro no fueron informadas oficialmente.<\/p>\n","protected":false},"excerpt":{"rendered":"<p>El fuego se desat\u00f3 en una vivienda sobre calle Juan de Sol\u00eds. No hubo personas heridas. Un incendio se registr\u00f3 el mi\u00e9rcoles 21 de enero por la noche en una&hellip; <\/p>\n","protected":false},"author":4,"featured_media":243890,"comment_status":"closed","ping_status":"open","sticky":false,"template":"","format":"standard","meta":{"footnotes":""},"categories":[33],"tags":[],"class_list":["post-243819","post","type-post","status-publish","format-standard","has-post-thumbnail","hentry","category-policiales"],"_links":{"self":[{"href":"https:\/\/corrientesdetarde.com\/index.php\/wp-json\/wp\/v2\/posts\/243819","targetHints":{"allow":["GET"]}}],"collection":[{"href":"https:\/\/corrientesdetarde.com\/index.php\/wp-json\/wp\/v2\/posts"}],"about":[{"href":"https:\/\/corrientesdetarde.com\/index.php\/wp-json\/wp\/v2\/types\/post"}],"author":[{"embeddable":true,"href":"https:\/\/corrientesdetarde.com\/index.php\/wp-json\/wp\/v2\/users\/4"}],"replies":[{"embeddable":true,"href":"https:\/\/corrientesdetarde.com\/index.php\/wp-json\/wp\/v2\/comments?post=243819"}],"version-history":[{"count":1,"href":"https:\/\/corrientesdetarde.com\/index.php\/wp-json\/wp\/v2\/posts\/243819\/revisions"}],"predecessor-version":[{"id":243891,"href":"https:\/\/corrientesdetarde.com\/index.php\/wp-json\/wp\/v2\/posts\/243819\/revisions\/243891"}],"wp:featuredmedia":[{"embeddable":true,"href":"https:\/\/corrientesdetarde.com\/index.php\/wp-json\/wp\/v2\/media\/243890"}],"wp:attachment":[{"href":"https:\/\/corrientesdetarde.com\/index.php\/wp-json\/wp\/v2\/media?parent=243819"}],"wp:term":[{"taxonomy":"category","embeddable":true,"href":"https:\/\/corrientesdetarde.com\/index.php\/wp-json\/wp\/v2\/categories?post=243819"},{"taxonomy":"post_tag","embeddable":true,"href":"https:\/\/corrientesdetarde.com\/index.php\/wp-json\/wp\/v2\/tags?post=243819"}],"curies":[{"name":"wp","href":"https:\/\/api.w.org\/{rel}","templated":true}]}}