{"id":24383,"date":"2022-12-01T17:18:33","date_gmt":"2022-12-01T20:18:33","guid":{"rendered":"https:\/\/corrientesdetarde.com\/?p=24383"},"modified":"2022-12-01T17:18:37","modified_gmt":"2022-12-01T20:18:37","slug":"zaira-nara-hablo-de-la-relacion-de-su-hermana-con-icardi-ya-no-les-creo-nada","status":"publish","type":"post","link":"https:\/\/corrientesdetarde.com\/index.php\/espectaculos\/zaira-nara-hablo-de-la-relacion-de-su-hermana-con-icardi-ya-no-les-creo-nada\/","title":{"rendered":"Zaira Nara hablo de la relaci\u00f3n de su hermana con Icardi: &#8220;Ya no les creo nada&#8221;"},"content":{"rendered":"\n<p>La modelo fue consultada por un programa de entretenimiento y fue sincera al contestar sobre las idas y venidas de su hermana y su cu\u00f1ado.\u00a0<\/p>\n\n\n\n<p>Zaira Nara&nbsp;estuvo hablando con &#8220;Socios del Espect\u00e1culo&#8221; y lejos de hablar de sus proyectos laborales o su vida personal, el foco de la charla se situ\u00f3 en las idas y venidas, p\u00fablicas, entre su hermana,&nbsp;Wanda Nara&nbsp;y&nbsp;Mauro Icardi. All\u00ed la modelo comenz\u00f3 refiri\u00e9ndose al viaje de ambos a las Islas Maldivas para intentar recomponer la pareja y sobre esto dijo:&nbsp;\u201c\u00a1Qu\u00e9 lindo lugar! Me quer\u00edan llevar a m\u00ed, eso es lo m\u00e1s loco de todo. \u00bfQu\u00e9 iba a hacer yo? \u00bfSostenerle la vela?\u201d,&nbsp;coment\u00f3 entre risas.<\/p>\n\n\n\n<p>Entonces, el periodista le pregunt\u00f3 de manera directa qu\u00e9 pensaba.&nbsp;\u201c\u00bfWanda est\u00e1 o no con Mauro?\u201d, a lo que Zaira, un tanto inc\u00f3moda respondi\u00f3:&nbsp;\u201cNo tengo ni idea. Supongo que s\u00ed\u201d, al tiempo que pidi\u00f3: \u201cNo me pregunten m\u00e1s nada. No s\u00e9 nada, de verdad. Prefiero que no me digan\u201d, agreg\u00f3.<\/p>\n\n\n\n<p>Siguiendo el tema, el cronista volvi\u00f3 a preguntar: \u201c\u00bfQu\u00e9 dice tu sexto sentido?\u201d, pero Zaira sincera expres\u00f3:&nbsp;\u201cLo tengo muerto. Se estrol\u00f3. Yo no tengo ni idea, no me pregunten nada. O sea, te juro que no les creo ya. No s\u00e9 nada, pero de verdad. Porque no quiero saber nada, yo le digo a ella que ya no me cuenta m\u00e1s&#8221;, se sincer\u00f3.<\/p>\n\n\n\n<p>Por \u00faltimo la modelo dio su visi\u00f3n al respecto:&nbsp;&#8220;Como hermana le aconsejo que no me hable m\u00e1s de su vida privada. Le digo que no me cuente m\u00e1s nada porque no quiero recibir m\u00e1s informaci\u00f3n&#8221;, repiti\u00f3. Y&nbsp;cerr\u00f3:&nbsp;\u201cIgual si te soy sincera yo siento que hay un mont\u00f3n de accesorios que son ajenos a la realidad&#8221;,&nbsp;concluy\u00f3.&nbsp;<\/p>\n","protected":false},"excerpt":{"rendered":"<p>La modelo fue consultada por un programa de entretenimiento y fue sincera al contestar sobre las idas y venidas de su hermana y su cu\u00f1ado.\u00a0 Zaira Nara&nbsp;estuvo hablando con &#8220;Socios&hellip; <\/p>\n","protected":false},"author":8,"featured_media":24384,"comment_status":"closed","ping_status":"open","sticky":false,"template":"","format":"standard","meta":{"footnotes":""},"categories":[19],"tags":[],"class_list":["post-24383","post","type-post","status-publish","format-standard","has-post-thumbnail","hentry","category-espectaculos"],"_links":{"self":[{"href":"https:\/\/corrientesdetarde.com\/index.php\/wp-json\/wp\/v2\/posts\/24383","targetHints":{"allow":["GET"]}}],"collection":[{"href":"https:\/\/corrientesdetarde.com\/index.php\/wp-json\/wp\/v2\/posts"}],"about":[{"href":"https:\/\/corrientesdetarde.com\/index.php\/wp-json\/wp\/v2\/types\/post"}],"author":[{"embeddable":true,"href":"https:\/\/corrientesdetarde.com\/index.php\/wp-json\/wp\/v2\/users\/8"}],"replies":[{"embeddable":true,"href":"https:\/\/corrientesdetarde.com\/index.php\/wp-json\/wp\/v2\/comments?post=24383"}],"version-history":[{"count":1,"href":"https:\/\/corrientesdetarde.com\/index.php\/wp-json\/wp\/v2\/posts\/24383\/revisions"}],"predecessor-version":[{"id":24385,"href":"https:\/\/corrientesdetarde.com\/index.php\/wp-json\/wp\/v2\/posts\/24383\/revisions\/24385"}],"wp:featuredmedia":[{"embeddable":true,"href":"https:\/\/corrientesdetarde.com\/index.php\/wp-json\/wp\/v2\/media\/24384"}],"wp:attachment":[{"href":"https:\/\/corrientesdetarde.com\/index.php\/wp-json\/wp\/v2\/media?parent=24383"}],"wp:term":[{"taxonomy":"category","embeddable":true,"href":"https:\/\/corrientesdetarde.com\/index.php\/wp-json\/wp\/v2\/categories?post=24383"},{"taxonomy":"post_tag","embeddable":true,"href":"https:\/\/corrientesdetarde.com\/index.php\/wp-json\/wp\/v2\/tags?post=24383"}],"curies":[{"name":"wp","href":"https:\/\/api.w.org\/{rel}","templated":true}]}}