{"id":243849,"date":"2026-01-22T22:14:33","date_gmt":"2026-01-23T01:14:33","guid":{"rendered":"https:\/\/corrientesdetarde.com\/?p=243849"},"modified":"2026-01-22T22:14:45","modified_gmt":"2026-01-23T01:14:45","slug":"el-ministro-lanari-continuo-su-recorrida-por-hospitales-cabeceras-del-interior","status":"publish","type":"post","link":"https:\/\/corrientesdetarde.com\/index.php\/destacados\/el-ministro-lanari-continuo-su-recorrida-por-hospitales-cabeceras-del-interior\/","title":{"rendered":"El ministro Lanari continu\u00f3 su recorrida por hospitales cabeceras del interior"},"content":{"rendered":"\n<p><em>El titular de la cartera sanitaria, junto a su equipo, fueron a los nosocomios de Santo Tom\u00e9 y Virasoro. As\u00ed como en otras oportunidades, dialogaron con el personal y verificaron obras.&nbsp;<\/em><\/p>\n\n\n\n<p>El ministro de Salud P\u00fablica de la Provincia, Emilio Lanari, continu\u00f3 este jueves su recorrido por los hospitales cabeceras del interior, de Santo Tom\u00e9 y Virasoro, con el objetivo de seguir fortaleciendo el trabajo en equipo. En la oportunidad, acompa\u00f1aron la subsecretaria de Gesti\u00f3n Sanitaria, Silvina Vega Bajo; el secretario de Gobierno Sanitario, Alberto Arregin; y el subsecretario de Atenci\u00f3n Primaria de la Salud (APS), Christian Sarquis, entre otros.<\/p>\n\n\n\n<p>En Santo Tom\u00e9, se visit\u00f3 los distintos servicios y \u00e1reas de atenci\u00f3n, entre ellas el Banco de Sangre. All\u00ed, fueron recibidos por su director ejecutivo Ram\u00f3n Victoria, quien agradeci\u00f3 el encuentro.<\/p>\n\n\n\n<p>&#8220;Estamos recorriendo los hospitales de cabecera de la provincia. Los hospitales &#8220;San &#8220;Juan Bautista&#8221; de Santo Tom\u00e9 y &#8220;Dr. Miguel Sussini&#8221; de Virasoro, atienden una poblaci\u00f3n muy grande, son de alta complejidad y centros de salud de referencia&#8221;, sostuvo el Ministro.<\/p>\n\n\n\n<p>Adem\u00e1s de precisar los servicios que recorrieron, coment\u00f3 que se est\u00e1 terminando la instalaci\u00f3n del nuevo tom\u00f3grafo en el nosocomio de Santo Tom\u00e9. Cabe indicar que este recurso es de origen norteamericano y que adquiri\u00f3 la Fundaci\u00f3n Cardiol\u00f3gica de Corrientes para el Centro de Im\u00e1genes.<\/p>\n\n\n\n<p>Es un equipo de 32 cortes, de \u00faltima generaci\u00f3n, que puede hacer por d\u00eda m\u00e1s de 300 estudios. Estos mismos, ser\u00e1n de angiograf\u00eda y otros diagn\u00f3sticos m\u00e9dicos de alta complejidad.<\/p>\n\n\n\n<p>Por otra parte, se est\u00e1 avanzando en las obras de la Unidad de Terapia Intensiva (UTI) que cuenta con 12 puestos de terapia y tiene 400 m2. Esta \u00e1rea, tiene una habitaci\u00f3n para m\u00e9dico de guardia y otra para residentes.<\/p>\n\n\n\n<p>En cuanto a obras, record\u00f3 que quedaron algunas por inaugurar como la de Curuz\u00fa Cuati\u00e1 y tambi\u00e9n otras en Capital, m\u00e1s precisamente en Hospital Llano. Adem\u00e1s, agreg\u00f3 que se est\u00e1n ocupando de fortalecer los equipos m\u00e9dicos en las instituciones sanitarias.<\/p>\n\n\n\n<p>En Virasoro, tambi\u00e9n hubo recorrida por el hospital, donde dialogaron con el equipo del lugar y verificaron obras. All\u00ed los recibi\u00f3 el director ejecutivo, Valerio Uribe.<\/p>\n","protected":false},"excerpt":{"rendered":"<p>El titular de la cartera sanitaria, junto a su equipo, fueron a los nosocomios de Santo Tom\u00e9 y Virasoro. As\u00ed como en otras oportunidades, dialogaron con el personal y verificaron&hellip; <\/p>\n","protected":false},"author":4,"featured_media":243850,"comment_status":"closed","ping_status":"open","sticky":false,"template":"","format":"standard","meta":{"footnotes":""},"categories":[26],"tags":[],"class_list":["post-243849","post","type-post","status-publish","format-standard","has-post-thumbnail","hentry","category-destacados"],"_links":{"self":[{"href":"https:\/\/corrientesdetarde.com\/index.php\/wp-json\/wp\/v2\/posts\/243849","targetHints":{"allow":["GET"]}}],"collection":[{"href":"https:\/\/corrientesdetarde.com\/index.php\/wp-json\/wp\/v2\/posts"}],"about":[{"href":"https:\/\/corrientesdetarde.com\/index.php\/wp-json\/wp\/v2\/types\/post"}],"author":[{"embeddable":true,"href":"https:\/\/corrientesdetarde.com\/index.php\/wp-json\/wp\/v2\/users\/4"}],"replies":[{"embeddable":true,"href":"https:\/\/corrientesdetarde.com\/index.php\/wp-json\/wp\/v2\/comments?post=243849"}],"version-history":[{"count":1,"href":"https:\/\/corrientesdetarde.com\/index.php\/wp-json\/wp\/v2\/posts\/243849\/revisions"}],"predecessor-version":[{"id":243851,"href":"https:\/\/corrientesdetarde.com\/index.php\/wp-json\/wp\/v2\/posts\/243849\/revisions\/243851"}],"wp:featuredmedia":[{"embeddable":true,"href":"https:\/\/corrientesdetarde.com\/index.php\/wp-json\/wp\/v2\/media\/243850"}],"wp:attachment":[{"href":"https:\/\/corrientesdetarde.com\/index.php\/wp-json\/wp\/v2\/media?parent=243849"}],"wp:term":[{"taxonomy":"category","embeddable":true,"href":"https:\/\/corrientesdetarde.com\/index.php\/wp-json\/wp\/v2\/categories?post=243849"},{"taxonomy":"post_tag","embeddable":true,"href":"https:\/\/corrientesdetarde.com\/index.php\/wp-json\/wp\/v2\/tags?post=243849"}],"curies":[{"name":"wp","href":"https:\/\/api.w.org\/{rel}","templated":true}]}}