{"id":24395,"date":"2022-12-01T18:19:27","date_gmt":"2022-12-01T21:19:27","guid":{"rendered":"https:\/\/corrientesdetarde.com\/?p=24395"},"modified":"2022-12-01T18:19:30","modified_gmt":"2022-12-01T21:19:30","slug":"africa-el-primer-destino-del-papa-francisco-en-2023","status":"publish","type":"post","link":"https:\/\/corrientesdetarde.com\/index.php\/internacionales\/africa-el-primer-destino-del-papa-francisco-en-2023\/","title":{"rendered":"\u00c1frica, el primer destino del Papa Francisco en 2023"},"content":{"rendered":"\n<p>Desde el 31 de enero al 5 de febrero, durante el \u00fanico viaje que tiene confirmado para el a\u00f1o que viene, el pont\u00edfice\u00a0visitar\u00e1 Rep\u00fablica Democr\u00e1tica del Congo y Sud\u00e1n del Sur, dos pa\u00edses que atraviesan\u00a0incesantes conflictos armados y guerras civiles.<\/p>\n\n\n\n<p>El papa Francisco ir\u00e1 a Rep\u00fablica Democr\u00e1tica del Congo (RDC) y a Sud\u00e1n del Sur, dos pa\u00edses de \u00c1frica de mayor\u00eda cristiana y afectados por conflictos, del 31 de enero al 5 de febrero, en la reprogramaci\u00f3n de una visita que deb\u00eda hacer en julio y posterg\u00f3 por dolores en la rodilla derecha y en el que ser\u00e1 su quinto viaje a \u00c1frica, inform\u00f3 el Vaticano.<\/p>\n\n\n\n<p>En una peregrinaci\u00f3n de casi 13.000 kil\u00f3metros, el&nbsp;<strong>pont\u00edfice dar\u00e1 12 discursos<\/strong>&nbsp;y un \u00c1ngelus en el que ser\u00e1 su&nbsp;<strong>viaje n\u00famero 40 como Papa&nbsp;<\/strong>y durante el que visitar\u00e1 las capitales Kinshasa y Yuba, seg\u00fan el programa dado a conocer este jueves por el Vaticano.<\/p>\n\n\n\n<p><strong>\u2022 Rep\u00fablica Democr\u00e1tica del Congo<\/strong><br>Francisco estar\u00e1 en Rep\u00fablica Democr\u00e1tica del Congo del 31 de enero al 3 de febrero con el lema<strong>&nbsp;&#8220;Todos reconciliados en Cristo&#8221;<\/strong>, en una aparente alusi\u00f3n a los incesantes conflictos armados que padece el pa\u00eds del centro de \u00c1frica desde la d\u00e9cada de 1990, que han dejado miles de muertos.<\/p>\n\n\n\n<p>En Rep\u00fablica Democr\u00e1tica del Congo, Francisco mantendr\u00e1&nbsp;<strong>encuentros con las autoridades pol\u00edticas<\/strong>&nbsp;y con las v\u00edctimas de la violencia en el pa\u00eds, adem\u00e1s de las tradicionales reuniones con j\u00f3venes, miembros del clero y jesuitas.<\/p>\n\n\n\n<p>Para la visita de 2023,&nbsp;<strong>el Papa no ir\u00e1 a la ciudad&nbsp;<\/strong><strong>congol\u00e9sa<\/strong><strong>&nbsp;Goma<\/strong>, en el este del pa\u00eds, una zona de violencia armada que s\u00ed figuraba en el programa del pospuesto viaje de julio.<\/p>\n\n\n\n<p><strong>\u2022 Sud\u00e1n del Sur<\/strong><br>En la segunda etapa de la visita ir\u00e1 a Sud\u00e1n del Sur, un pa\u00eds centroafricano en dif\u00edcil proceso de reconciliaci\u00f3n tras una guerra civil que sigui\u00f3 a otra de independencia, bajo la frase&nbsp;<strong>&#8220;Rezo para que todos sean uno&#8221;.<\/strong><\/p>\n\n\n\n<p>En la visita a Sud\u00e1n del Sur, que tendr\u00e1 un fuerte sentido ecum\u00e9nico, estar\u00e1 acompa\u00f1ado por el arzobispo anglicano Justin Welby y por el responsable de la Iglesia Escocesa, Iain Greenshields.<\/p>\n\n\n\n<p>En este pa\u00eds, en tanto, Francisco repetir\u00e1 los encuentros con autoridades oficiales, agregar\u00e1 una oraci\u00f3n ecum\u00e9nica y\u00a0<strong>se reunir\u00e1 adem\u00e1s con desplazados internos<\/strong>\u00a0por los conflictos en el denominado &#8220;pa\u00eds m\u00e1s joven del mundo&#8221;.<\/p>\n\n\n\n<p>En 2019 Francisco dio un fuerte gesto de apoyo al proceso de pacificaci\u00f3n en S\u00fadan del Sur \u00a0al recibir a los l\u00edderes de los dos grupos enfrentados, y tras besarles los pies, hab\u00eda manifestado su deseo de visitar el pa\u00eds africano si se estabilizaba la situaci\u00f3n pol\u00edtica.<\/p>\n\n\n\n<p>Francisco reuni\u00f3 durante dos d\u00edas en un &#8220;retiro espiritual&#8221; a&nbsp;<strong>Salva Kiir Mayardit<\/strong>, presidente de la Rep\u00fablica, y a cuatro de los cinco vicepresidentes designados para el gobierno de unidad nacional que debe comenzar en mayo, entre ellos&nbsp;<strong>su rival Riek Machar<\/strong>.<\/p>\n\n\n\n<p>&#8220;El pa\u00eds m\u00e1s joven de mundo&#8221;, tras su independencia de Sud\u00e1n en 2011, busca salir de otra&nbsp;<strong>guerra civil&nbsp;<\/strong>iniciada en 2013 por una disputa entre Kiir y su despedido vicepresidente Machar, que lucharon juntos en la primera.<\/p>\n\n\n\n<h2 class=\"wp-block-heading\">Las visitas del Papa a \u00c1frica<\/h2>\n\n\n\n<p>Francisco ya visit\u00f3 \u00c1frica en 2015, cuando fue a Kenia, Rep\u00fablica Centroafricana y Uganda; en 2017 para ir a Egipto; y en 2019 al visitar primero Marruecos y luego Mauritania, Mozambique y Mauricio.<\/p>\n\n\n\n<p>La visita a los dos pa\u00edses africanos es, por el momento,&nbsp;<strong>el \u00fanico viaje confirmado que hay en 2023&nbsp;<\/strong>para Jorge Bergoglio, quien cumplir\u00e1 86 a\u00f1os el pr\u00f3ximo 17 de diciembre.<\/p>\n","protected":false},"excerpt":{"rendered":"<p>Desde el 31 de enero al 5 de febrero, durante el \u00fanico viaje que tiene confirmado para el a\u00f1o que viene, el pont\u00edfice\u00a0visitar\u00e1 Rep\u00fablica Democr\u00e1tica del Congo y Sud\u00e1n del&hellip; <\/p>\n","protected":false},"author":8,"featured_media":24396,"comment_status":"closed","ping_status":"open","sticky":false,"template":"","format":"standard","meta":{"footnotes":""},"categories":[11],"tags":[],"class_list":["post-24395","post","type-post","status-publish","format-standard","has-post-thumbnail","hentry","category-internacionales"],"_links":{"self":[{"href":"https:\/\/corrientesdetarde.com\/index.php\/wp-json\/wp\/v2\/posts\/24395","targetHints":{"allow":["GET"]}}],"collection":[{"href":"https:\/\/corrientesdetarde.com\/index.php\/wp-json\/wp\/v2\/posts"}],"about":[{"href":"https:\/\/corrientesdetarde.com\/index.php\/wp-json\/wp\/v2\/types\/post"}],"author":[{"embeddable":true,"href":"https:\/\/corrientesdetarde.com\/index.php\/wp-json\/wp\/v2\/users\/8"}],"replies":[{"embeddable":true,"href":"https:\/\/corrientesdetarde.com\/index.php\/wp-json\/wp\/v2\/comments?post=24395"}],"version-history":[{"count":1,"href":"https:\/\/corrientesdetarde.com\/index.php\/wp-json\/wp\/v2\/posts\/24395\/revisions"}],"predecessor-version":[{"id":24397,"href":"https:\/\/corrientesdetarde.com\/index.php\/wp-json\/wp\/v2\/posts\/24395\/revisions\/24397"}],"wp:featuredmedia":[{"embeddable":true,"href":"https:\/\/corrientesdetarde.com\/index.php\/wp-json\/wp\/v2\/media\/24396"}],"wp:attachment":[{"href":"https:\/\/corrientesdetarde.com\/index.php\/wp-json\/wp\/v2\/media?parent=24395"}],"wp:term":[{"taxonomy":"category","embeddable":true,"href":"https:\/\/corrientesdetarde.com\/index.php\/wp-json\/wp\/v2\/categories?post=24395"},{"taxonomy":"post_tag","embeddable":true,"href":"https:\/\/corrientesdetarde.com\/index.php\/wp-json\/wp\/v2\/tags?post=24395"}],"curies":[{"name":"wp","href":"https:\/\/api.w.org\/{rel}","templated":true}]}}