{"id":24426,"date":"2022-12-01T22:29:01","date_gmt":"2022-12-02T01:29:01","guid":{"rendered":"https:\/\/corrientesdetarde.com\/?p=24426"},"modified":"2022-12-01T22:29:06","modified_gmt":"2022-12-02T01:29:06","slug":"el-gobierno-provincial-relevo-necesidades-de-instituciones-en-zonas-rurales-de-yofre","status":"publish","type":"post","link":"https:\/\/corrientesdetarde.com\/index.php\/sociales\/el-gobierno-provincial-relevo-necesidades-de-instituciones-en-zonas-rurales-de-yofre\/","title":{"rendered":"El Gobierno provincial relev\u00f3 necesidades de instituciones en zonas rurales de Yofre"},"content":{"rendered":"\n<p>El Gobierno de Corrientes, por indicaci\u00f3n del primer Mandatario, Gustavo Vald\u00e9s, y a trav\u00e9s del coordinador de Asuntos Municipales Regi\u00f3n Centro Sur,&nbsp;Juan Manuel&nbsp;Saloj, dependiente del Ministerio de Coordinaci\u00f3n y Planificaci\u00f3n, llev\u00f3 adelante una serie de acciones en zonas rurales de Felipe Yofre, para dialogar con distintos representantes de instituciones locales y de esta manera, relevar sus necesidades. En ese sentido, se recorri\u00f3 la zona urbana y los parajes Capit\u00e1 Min\u00ed y Paso Pucheta, donde visit\u00f3 escuelas, el Hospital, se reuni\u00f3 con autoridades regionales de la Direcci\u00f3n Provincial de Energ\u00eda de Corrientes (DPEC), entre otros.<\/p>\n\n\n\n<p>Saloj relat\u00f3 en primer lugar que \u201cvisitamos la centenaria Escuela N\u00b0586 \u00b4Jos\u00e9 Primo Romero\u00b4, donde participamos de los festejos por la finalizaci\u00f3n del ciclo lectivo\u201d. &nbsp;De esta manera felicit\u00f3 a los mejores promedios, a quienes se les obsequi\u00f3 \u201cuna hermosa camiseta de Argentina para alentar a nuestra selecci\u00f3n\u201d.<\/p>\n\n\n\n<p>Tambi\u00e9n se mantuvo una reuni\u00f3n con el director de la DPEC, oportunidad en la cual \u201cnos informaron que el servicio est\u00e1 funcionando bien, as\u00ed que por el momento sin ning\u00fan tipo de requerimiento\u201d. De igual modo se visit\u00f3 el Hospital de Felipe Yofre, donde fueron recibidos por su director, Roberto Fern\u00e1ndez: cabe recordar que hace un tiempo atr\u00e1s se concretaron algunos trabajos de refacci\u00f3n en la instituci\u00f3n y por tal motivo, el funcionario provincial constat\u00f3 las obras estrenadas recientemente.<\/p>\n\n\n\n<p>Por \u00faltimo, se desarroll\u00f3 un encuentro con la Comisi\u00f3n Directiva del Centro de Jubilados, quienes \u201cnos pidieron espec\u00edficamente si pod\u00edamos colaborar con pintura para el edificio y ver la posibilidad de gestionar una cocina\u201d. As\u00ed como estas demandas se repitieron por parte de algunos docentes o vecinos de la zona, a quienes \u201clos escuchamos para relevar sus necesidades y volver as\u00ed con respuestas por parte del Estado provincial\u201d, cont\u00f3 el Coordinador de Asuntos Municipales Regi\u00f3n Centro Sur.<\/p>\n\n\n\n<figure class=\"wp-block-image size-large\"><img loading=\"lazy\" decoding=\"async\" width=\"682\" height=\"1024\" src=\"https:\/\/corrientesdetarde.com\/wp-content\/uploads\/2022\/12\/imagen-98271-682x1024.jpg\" alt=\"\" class=\"wp-image-24434\" srcset=\"https:\/\/corrientesdetarde.com\/wp-content\/uploads\/2022\/12\/imagen-98271-682x1024.jpg 682w, https:\/\/corrientesdetarde.com\/wp-content\/uploads\/2022\/12\/imagen-98271-200x300.jpg 200w, https:\/\/corrientesdetarde.com\/wp-content\/uploads\/2022\/12\/imagen-98271-768x1153.jpg 768w, https:\/\/corrientesdetarde.com\/wp-content\/uploads\/2022\/12\/imagen-98271-1023x1536.jpg 1023w, https:\/\/corrientesdetarde.com\/wp-content\/uploads\/2022\/12\/imagen-98271.jpg 1066w\" sizes=\"auto, (max-width: 682px) 100vw, 682px\" \/><\/figure>\n\n\n\n<p><\/p>\n","protected":false},"excerpt":{"rendered":"<p>El Gobierno de Corrientes, por indicaci\u00f3n del primer Mandatario, Gustavo Vald\u00e9s, y a trav\u00e9s del coordinador de Asuntos Municipales Regi\u00f3n Centro Sur,&nbsp;Juan Manuel&nbsp;Saloj, dependiente del Ministerio de Coordinaci\u00f3n y Planificaci\u00f3n,&hellip; <\/p>\n","protected":false},"author":1,"featured_media":24435,"comment_status":"closed","ping_status":"open","sticky":false,"template":"","format":"standard","meta":{"footnotes":""},"categories":[17],"tags":[],"class_list":["post-24426","post","type-post","status-publish","format-standard","has-post-thumbnail","hentry","category-sociales"],"_links":{"self":[{"href":"https:\/\/corrientesdetarde.com\/index.php\/wp-json\/wp\/v2\/posts\/24426","targetHints":{"allow":["GET"]}}],"collection":[{"href":"https:\/\/corrientesdetarde.com\/index.php\/wp-json\/wp\/v2\/posts"}],"about":[{"href":"https:\/\/corrientesdetarde.com\/index.php\/wp-json\/wp\/v2\/types\/post"}],"author":[{"embeddable":true,"href":"https:\/\/corrientesdetarde.com\/index.php\/wp-json\/wp\/v2\/users\/1"}],"replies":[{"embeddable":true,"href":"https:\/\/corrientesdetarde.com\/index.php\/wp-json\/wp\/v2\/comments?post=24426"}],"version-history":[{"count":1,"href":"https:\/\/corrientesdetarde.com\/index.php\/wp-json\/wp\/v2\/posts\/24426\/revisions"}],"predecessor-version":[{"id":24444,"href":"https:\/\/corrientesdetarde.com\/index.php\/wp-json\/wp\/v2\/posts\/24426\/revisions\/24444"}],"wp:featuredmedia":[{"embeddable":true,"href":"https:\/\/corrientesdetarde.com\/index.php\/wp-json\/wp\/v2\/media\/24435"}],"wp:attachment":[{"href":"https:\/\/corrientesdetarde.com\/index.php\/wp-json\/wp\/v2\/media?parent=24426"}],"wp:term":[{"taxonomy":"category","embeddable":true,"href":"https:\/\/corrientesdetarde.com\/index.php\/wp-json\/wp\/v2\/categories?post=24426"},{"taxonomy":"post_tag","embeddable":true,"href":"https:\/\/corrientesdetarde.com\/index.php\/wp-json\/wp\/v2\/tags?post=24426"}],"curies":[{"name":"wp","href":"https:\/\/api.w.org\/{rel}","templated":true}]}}