{"id":24459,"date":"2022-12-01T21:28:13","date_gmt":"2022-12-02T00:28:13","guid":{"rendered":"https:\/\/corrientesdetarde.com\/?p=24459"},"modified":"2022-12-01T21:28:19","modified_gmt":"2022-12-02T00:28:19","slug":"sindicato-de-amas-de-casa-una-organizacion-que-representa-a-un-gran-sector-de-la-sociedad","status":"publish","type":"post","link":"https:\/\/corrientesdetarde.com\/index.php\/sociales\/sindicato-de-amas-de-casa-una-organizacion-que-representa-a-un-gran-sector-de-la-sociedad\/","title":{"rendered":"Sindicato de Amas de Casa: Una organizaci\u00f3n que representa a un gran sector de la sociedad"},"content":{"rendered":"\n<p>Marta Miranda, expres\u00f3: &#8220;utilizamos todos los recursos para que nuestra tarea como amas de casa sean reconocidas por su la labor&#8221;.<\/p>\n\n\n\n<p>Mientras tanto, Ver\u00f3nica Castillo, manifest\u00f3: &#8220;el a\u00f1o que viene vamos a cumplir 40 a\u00f1os desde el nacimiento del Sindicato de Amas de Casa, y llevamos el mensaje y el legado de todas las amas de casa, mi bisabuela fue tesorera del a\u00f1o 1983 de ese sindicato&#8221;.<\/p>\n\n\n\n<p>Asimismo, Marta Miranda, afirm\u00f3: &#8220;hoy se puede medir las tareas que realiza una ama de casa en el hogar, o cuidando abuelos, nietos, primos, vecinos, ese trabajo forma parte del PBI del pa\u00eds, toda la sociedad depende de esas tareas de cuidado&#8221;.<\/p>\n\n\n\n<p>Y se\u00f1al\u00f3: &#8220;tareas de cuidado son las tareas que realizan una ama de casa, por ejemplo, en un merendero lo que hace la mujer que cocina, que busca donaciones&#8221;.<\/p>\n\n\n\n<figure class=\"wp-block-image is-resized\"><img loading=\"lazy\" decoding=\"async\" src=\"https:\/\/www.radiodos.com.ar\/content\/bucket\/1\/182931w770h528c.jpg.webp\" alt=\"\" width=\"613\" height=\"420\"\/><\/figure>\n\n\n\n<p>&#8220;Antes si nos preguntaban si trabajamos las amas de casa dec\u00edamos que no, y ahora reconocemos que somos trabajadoras&#8221; remarc\u00f3.<\/p>\n\n\n\n<p>Al mismo tiempo, remarc\u00f3: &#8220;somos una organizaci\u00f3n que representa a un gran sector de la sociedad&#8221;.<\/p>\n\n\n\n<figure class=\"wp-block-image is-resized\"><img loading=\"lazy\" decoding=\"async\" src=\"https:\/\/www.radiodos.com.ar\/content\/bucket\/2\/182932w770h578c.jpg.webp\" alt=\"\" width=\"638\" height=\"479\"\/><\/figure>\n\n\n\n<p>Por \u00faltimo, Ver\u00f3nica Castill\u00f3, puntualiz\u00f3: &#8220;el sindicato est\u00e1 en barrio San Benito, en El\u00edas Abad 2137, de 9 a 11 horas, los lunes, mi\u00e9rcoles y viernes, o pueden comunicarse al 3794-606673, o tambi\u00e9n acercarse a Ituzaing\u00f3 956 o en Pit\u00e1goras casi Sussini&#8221;.<\/p>\n\n\n\n<p><\/p>\n\n\n\n<p>Fuente: Radio Dos<\/p>\n","protected":false},"excerpt":{"rendered":"<p>Marta Miranda, expres\u00f3: &#8220;utilizamos todos los recursos para que nuestra tarea como amas de casa sean reconocidas por su la labor&#8221;. Mientras tanto, Ver\u00f3nica Castillo, manifest\u00f3: &#8220;el a\u00f1o que viene&hellip; <\/p>\n","protected":false},"author":1,"featured_media":24466,"comment_status":"closed","ping_status":"open","sticky":false,"template":"","format":"standard","meta":{"footnotes":""},"categories":[17],"tags":[],"class_list":["post-24459","post","type-post","status-publish","format-standard","has-post-thumbnail","hentry","category-sociales"],"_links":{"self":[{"href":"https:\/\/corrientesdetarde.com\/index.php\/wp-json\/wp\/v2\/posts\/24459","targetHints":{"allow":["GET"]}}],"collection":[{"href":"https:\/\/corrientesdetarde.com\/index.php\/wp-json\/wp\/v2\/posts"}],"about":[{"href":"https:\/\/corrientesdetarde.com\/index.php\/wp-json\/wp\/v2\/types\/post"}],"author":[{"embeddable":true,"href":"https:\/\/corrientesdetarde.com\/index.php\/wp-json\/wp\/v2\/users\/1"}],"replies":[{"embeddable":true,"href":"https:\/\/corrientesdetarde.com\/index.php\/wp-json\/wp\/v2\/comments?post=24459"}],"version-history":[{"count":1,"href":"https:\/\/corrientesdetarde.com\/index.php\/wp-json\/wp\/v2\/posts\/24459\/revisions"}],"predecessor-version":[{"id":24473,"href":"https:\/\/corrientesdetarde.com\/index.php\/wp-json\/wp\/v2\/posts\/24459\/revisions\/24473"}],"wp:featuredmedia":[{"embeddable":true,"href":"https:\/\/corrientesdetarde.com\/index.php\/wp-json\/wp\/v2\/media\/24466"}],"wp:attachment":[{"href":"https:\/\/corrientesdetarde.com\/index.php\/wp-json\/wp\/v2\/media?parent=24459"}],"wp:term":[{"taxonomy":"category","embeddable":true,"href":"https:\/\/corrientesdetarde.com\/index.php\/wp-json\/wp\/v2\/categories?post=24459"},{"taxonomy":"post_tag","embeddable":true,"href":"https:\/\/corrientesdetarde.com\/index.php\/wp-json\/wp\/v2\/tags?post=24459"}],"curies":[{"name":"wp","href":"https:\/\/api.w.org\/{rel}","templated":true}]}}