{"id":24460,"date":"2022-12-01T23:10:37","date_gmt":"2022-12-02T02:10:37","guid":{"rendered":"https:\/\/corrientesdetarde.com\/?p=24460"},"modified":"2022-12-01T23:10:43","modified_gmt":"2022-12-02T02:10:43","slug":"las-series-mas-destacadas-que-llegan-en-diciembre","status":"publish","type":"post","link":"https:\/\/corrientesdetarde.com\/index.php\/informacion-general\/las-series-mas-destacadas-que-llegan-en-diciembre\/","title":{"rendered":"Las series m\u00e1s destacadas que llegan en diciembre"},"content":{"rendered":"\n<p>2 de diciembre &#8211; Slow Horses (Temporada 2) &#8211; Apple TV+<br>&nbsp;<br>Protagonizada por el ganador del Oscar Gary Oldman y basada en las novelas de Mick Herron, la serie sobre una divisi\u00f3n de esp\u00edas del MI5 brit\u00e1nico a la que van a parar los agentes de inteligencia ca\u00eddos en desgracia, llega con una nueva temporada a la plataforma de la manzanita con el regreso del elenco tambi\u00e9n integrado por Kristin Scott Thomas, Jack Lowden, Saskia Reeves, Rosalind Eleazar y Christopher Eleazar, entre m\u00e1s.<\/p>\n\n\n\n<p>La nueva entrega sigue a los &#8220;Slow Horses&#8221; cuando descubren que emergen secretos de la Guerra Fr\u00eda enterrados durante mucho tiempo que amenazan con traer una carnicer\u00eda a las calles de Londres.<\/p>\n\n\n\n<figure class=\"wp-block-embed is-type-rich is-provider-gestor-del-servicio wp-block-embed-gestor-del-servicio wp-embed-aspect-16-9 wp-has-aspect-ratio\"><div class=\"wp-block-embed__wrapper\">\n<iframe loading=\"lazy\" title=\"Slow Horses \u2014 Season 2 Official Trailer | Apple TV+\" width=\"1110\" height=\"624\" src=\"https:\/\/www.youtube.com\/embed\/0rOPA8VfVn8?feature=oembed\" frameborder=\"0\" allow=\"accelerometer; autoplay; clipboard-write; encrypted-media; gyroscope; picture-in-picture\" allowfullscreen><\/iframe>\n<\/div><\/figure>\n\n\n\n<p>4 de diciembre &#8211; Gangs of London (Temporada 2) &#8211; Lionsgate+<\/p>\n\n\n\n<p>Es la nueva temporada de la premiada serie de drama criminal que sigue la historia de Londres a trav\u00e9s de las luchas de las bandas delictivas internacionales que quieren controlarla.<\/p>\n\n\n\n<p>Un a\u00f1o despu\u00e9s de la muerte de Sean Wallace (Joe Cole) y de los violentos ajustes de cuentas de la primera temporada, el alma y el mapa de Londres se han redise\u00f1ado. Los Wallace supervivientes est\u00e1n dispersos, los Dumanis rotos y distanciados, y Elliot (Sop\u00e9 D\u00ecr\u00eds\u00f9), el expolic\u00eda encubierto, se ve obligado a trabajar para los inversionistas, quienes para poner en orden todo nuevamente se aliaron con el bar\u00f3n de la hero\u00edna Asif Afridi para iniciar una nueva fuerza gobernante en la ciudad.<\/p>\n\n\n\n<p>5 de diciembre &#8211; His Dark Materials (Temporada 3) &#8211; HBO y HBO Max<\/p>\n\n\n\n<p>La tercera y \u00faltima temporada de la serie de fantas\u00eda basada en los libros de Philip Pullman retoma la historia de la ni\u00f1a prometida Lyra (Dafne Keen) y el portador del cuchillo m\u00e1gico Will (Amir Wilson) en su traves\u00eda entre mundos para liberar al multiverso de la amenaza de la Autoridad, un poder totalitario teocr\u00e1tico que quiere dominar toda la vida.<\/p>\n\n\n\n<p>A medida que se acerca la gran guerra, los protagonistas entender\u00e1n que salvar los mundos tiene un precio terrible. Ruth Wilson, James McAvoy, Simone Kirby, Will Keen, Jade Anouka, Ruta Gedminstas, Adewale Akinnuoye-Agbaje, Jamie Ward, y Lin-Manuel Miranda como estrella invitada, completan el elenco.<\/p>\n\n\n\n<p>11 de diciembre &#8211; Yellowstone (Temporada 5) &#8211; Paramount+<\/p>\n\n\n\n<p>Llega la quinta temporada del western que sigue las haza\u00f1as de la familia Dutton, propietaria del mayor rancho ganadero de Montana, contiguo con el conocido parque nacional y que es liderado por el patriarca, John Dutton, encarnado por Kevin Costner.<\/p>\n\n\n\n<p>En medio de alianzas cambiantes, asesinatos sin resolver, heridas abiertas y un respeto duramente ganado, el rancho est\u00e1 en constante conflicto con aquellos con los que limita: una ciudad en expansi\u00f3n, una reserva india y crueles rivalidades comerciales.<\/p>\n\n\n\n<p>21 de diciembre &#8211; El paciente (Estreno) &#8211; Star+<\/p>\n\n\n\n<p>El reconocido Steve Carell interpreta en este thriller psicol\u00f3gico a Alan Strauss, un terapeuta que es secuestrado por Sam Fortner (Domhnall Gleeson), quien resulta ser un asesino serial en busca de ayuda para controlar sus impulsos homicidas.<\/p>\n\n\n\n<p>Escrita por Joel Fields y Joe Weisberg -conocido como el guionista de &#8220;The Americans&#8221;-, sus diez episodios tambi\u00e9n cuentan con la participaci\u00f3n en el elenco de Linda Emond, David Alan Grier, Laura Niemi y Andrew Leeds, entre m\u00e1s.<\/p>\n\n\n\n<p>21 de diciembre &#8211; Emily en Par\u00eds (Temporada 3) &#8211; Netflix<\/p>\n\n\n\n<p>Siguen las aventuras, los romances y los dramas en la encantadora &#8220;Ciudad de la Luz&#8221; para Lily Collins en el papel de esta protagonista que, un a\u00f1o despu\u00e9s de mudarse desde Chicago, se enfrenta a la dif\u00edcil decisi\u00f3n entre quedarse o regresar a su hogar, o entre el amor y el trabajo de sus sue\u00f1os.<\/p>\n\n\n\n<p>El multipremiado Darren Star -la mente detr\u00e1s de \u00e9xitos como &#8220;Sex and the City&#8221; y &#8220;Beverly Hills 90210&#8221;- repite su rol como showrunner de la tira, que tambi\u00e9n tiene en su elenco a Philippine Leroy-Beaulieu, Lucas Bravo, Ashley Park y Camille Razat.<\/p>\n\n\n\n<figure class=\"wp-block-embed is-type-rich is-provider-gestor-del-servicio wp-block-embed-gestor-del-servicio wp-embed-aspect-16-9 wp-has-aspect-ratio\"><div class=\"wp-block-embed__wrapper\">\n<iframe loading=\"lazy\" title=\"Emily en Par\u00eds: Temporada\u00a03 | Tr\u00e1iler oficial | Netflix\" width=\"1110\" height=\"624\" src=\"https:\/\/www.youtube.com\/embed\/wqbDkJmKf5I?feature=oembed\" frameborder=\"0\" allow=\"accelerometer; autoplay; clipboard-write; encrypted-media; gyroscope; picture-in-picture\" allowfullscreen><\/iframe>\n<\/div><\/figure>\n\n\n\n<p>&nbsp;<br>&nbsp;21 de diciembre &#8211; Jack Ryan (Temporada 3) &#8211; Amazon Prime Video<\/p>\n\n\n\n<p>Regresa con ocho nuevos episodios de la serie de acci\u00f3n y suspenso centrada en el agente de la CIA del t\u00edtulo, protagonizada por John Krasinski e inspirada en las novelas de Tom Clancy.<\/p>\n\n\n\n<p>La nueva entrega presenta una vez m\u00e1s al h\u00e9roe de la historia en una carrera contra el tiempo, luego de que es implicado err\u00f3neamente en una conspiraci\u00f3n que lo convierte en un fugitivo escondido por Europa, donde deber\u00e1 evitar un conflicto global y a la vez limpiar su nombre.<\/p>\n","protected":false},"excerpt":{"rendered":"<p>2 de diciembre &#8211; Slow Horses (Temporada 2) &#8211; Apple TV+&nbsp;Protagonizada por el ganador del Oscar Gary Oldman y basada en las novelas de Mick Herron, la serie sobre una&hellip; <\/p>\n","protected":false},"author":1,"featured_media":24463,"comment_status":"closed","ping_status":"open","sticky":false,"template":"","format":"standard","meta":{"footnotes":""},"categories":[1,24],"tags":[],"class_list":["post-24460","post","type-post","status-publish","format-standard","has-post-thumbnail","hentry","category-informacion-general","category-tecnologia"],"_links":{"self":[{"href":"https:\/\/corrientesdetarde.com\/index.php\/wp-json\/wp\/v2\/posts\/24460","targetHints":{"allow":["GET"]}}],"collection":[{"href":"https:\/\/corrientesdetarde.com\/index.php\/wp-json\/wp\/v2\/posts"}],"about":[{"href":"https:\/\/corrientesdetarde.com\/index.php\/wp-json\/wp\/v2\/types\/post"}],"author":[{"embeddable":true,"href":"https:\/\/corrientesdetarde.com\/index.php\/wp-json\/wp\/v2\/users\/1"}],"replies":[{"embeddable":true,"href":"https:\/\/corrientesdetarde.com\/index.php\/wp-json\/wp\/v2\/comments?post=24460"}],"version-history":[{"count":1,"href":"https:\/\/corrientesdetarde.com\/index.php\/wp-json\/wp\/v2\/posts\/24460\/revisions"}],"predecessor-version":[{"id":24465,"href":"https:\/\/corrientesdetarde.com\/index.php\/wp-json\/wp\/v2\/posts\/24460\/revisions\/24465"}],"wp:featuredmedia":[{"embeddable":true,"href":"https:\/\/corrientesdetarde.com\/index.php\/wp-json\/wp\/v2\/media\/24463"}],"wp:attachment":[{"href":"https:\/\/corrientesdetarde.com\/index.php\/wp-json\/wp\/v2\/media?parent=24460"}],"wp:term":[{"taxonomy":"category","embeddable":true,"href":"https:\/\/corrientesdetarde.com\/index.php\/wp-json\/wp\/v2\/categories?post=24460"},{"taxonomy":"post_tag","embeddable":true,"href":"https:\/\/corrientesdetarde.com\/index.php\/wp-json\/wp\/v2\/tags?post=24460"}],"curies":[{"name":"wp","href":"https:\/\/api.w.org\/{rel}","templated":true}]}}