{"id":24469,"date":"2022-12-01T22:52:46","date_gmt":"2022-12-02T01:52:46","guid":{"rendered":"https:\/\/corrientesdetarde.com\/?p=24469"},"modified":"2022-12-01T22:52:51","modified_gmt":"2022-12-02T01:52:51","slug":"corrientes-estara-presente-en-la-10o-edicion-de-la-noche-de-las-casas-de-provincia-en-buenos-aires","status":"publish","type":"post","link":"https:\/\/corrientesdetarde.com\/index.php\/espectaculos\/corrientes-estara-presente-en-la-10o-edicion-de-la-noche-de-las-casas-de-provincia-en-buenos-aires\/","title":{"rendered":"Corrientes estar\u00e1 presente en la 10\u00ba edici\u00f3n de la Noche de las Casas de Provincia en Buenos Aires"},"content":{"rendered":"\n<p>Este viernes 02 de Diciembre la Casa de Corrientes participara de la 10\u00ba Edici\u00f3n de la&nbsp;Noche de las Casas de Provincia, evento que organiza el Consejo Federal de Representaciones Oficiales, CONFEDRO, en la Ciudad de Buenos Aires, desde las 18 hs y hasta las 24 hs. con entrada libre y gratuita.&nbsp;&nbsp;<\/p>\n\n\n\n<p>Actuar\u00e1n en la sede correntina en Buenos Aires, El \u00c1ngel de las dos Hileras, Vicky S\u00e1nchez, Ernestito Montiel y el Cuarteto Santa Ana, Tomas Zacar\u00edas, Exequiel Fern\u00e1ndez, El Cuarteto Buenos Aires, Las Damas del Litoral y el tradicional Carnaval Correntino.&nbsp;<\/p>\n\n\n\n<p>Adem\u00e1s, acompa\u00f1ar\u00e1 la Fanfarria del Alto Per\u00fa del Regimiento de Granaderos a Caballo, se presentaran el Ballet y el Coro de la Casa de Corrientes, un Ballet de Danzas Litorale\u00f1as y se invitar\u00e1 a quienes se acerquen a la Casa de Corrientes durante el evento con una degustaci\u00f3n de Gastronom\u00eda Regional Correntina y podr\u00e1n ver una producci\u00f3n de artesan\u00edas regionales correntinas.<\/p>\n\n\n\n<p>Toda la actividad se llevar\u00e1 a cabo bajo la atenta mirada de nuestra Madre la Virgen de Itat\u00ed y habr\u00e1 tambi\u00e9n un espacio para homenajear a los ex combatientes de Malvinas.<\/p>\n\n\n\n<p><\/p>\n\n\n\n<figure class=\"wp-block-image size-large\"><img loading=\"lazy\" decoding=\"async\" width=\"1024\" height=\"1024\" src=\"https:\/\/corrientesdetarde.com\/wp-content\/uploads\/2022\/12\/imagen-98274-1024x1024.jpg\" alt=\"\" class=\"wp-image-24470\" srcset=\"https:\/\/corrientesdetarde.com\/wp-content\/uploads\/2022\/12\/imagen-98274-1024x1024.jpg 1024w, https:\/\/corrientesdetarde.com\/wp-content\/uploads\/2022\/12\/imagen-98274-300x300.jpg 300w, https:\/\/corrientesdetarde.com\/wp-content\/uploads\/2022\/12\/imagen-98274-150x150.jpg 150w, https:\/\/corrientesdetarde.com\/wp-content\/uploads\/2022\/12\/imagen-98274-768x768.jpg 768w, https:\/\/corrientesdetarde.com\/wp-content\/uploads\/2022\/12\/imagen-98274-375x375.jpg 375w, https:\/\/corrientesdetarde.com\/wp-content\/uploads\/2022\/12\/imagen-98274.jpg 1080w\" sizes=\"auto, (max-width: 1024px) 100vw, 1024px\" \/><\/figure>\n","protected":false},"excerpt":{"rendered":"<p>Este viernes 02 de Diciembre la Casa de Corrientes participara de la 10\u00ba Edici\u00f3n de la&nbsp;Noche de las Casas de Provincia, evento que organiza el Consejo Federal de Representaciones Oficiales,&hellip; <\/p>\n","protected":false},"author":1,"featured_media":24471,"comment_status":"closed","ping_status":"open","sticky":false,"template":"","format":"standard","meta":{"footnotes":""},"categories":[19,22],"tags":[],"class_list":["post-24469","post","type-post","status-publish","format-standard","has-post-thumbnail","hentry","category-espectaculos","category-eventos"],"_links":{"self":[{"href":"https:\/\/corrientesdetarde.com\/index.php\/wp-json\/wp\/v2\/posts\/24469","targetHints":{"allow":["GET"]}}],"collection":[{"href":"https:\/\/corrientesdetarde.com\/index.php\/wp-json\/wp\/v2\/posts"}],"about":[{"href":"https:\/\/corrientesdetarde.com\/index.php\/wp-json\/wp\/v2\/types\/post"}],"author":[{"embeddable":true,"href":"https:\/\/corrientesdetarde.com\/index.php\/wp-json\/wp\/v2\/users\/1"}],"replies":[{"embeddable":true,"href":"https:\/\/corrientesdetarde.com\/index.php\/wp-json\/wp\/v2\/comments?post=24469"}],"version-history":[{"count":1,"href":"https:\/\/corrientesdetarde.com\/index.php\/wp-json\/wp\/v2\/posts\/24469\/revisions"}],"predecessor-version":[{"id":24472,"href":"https:\/\/corrientesdetarde.com\/index.php\/wp-json\/wp\/v2\/posts\/24469\/revisions\/24472"}],"wp:featuredmedia":[{"embeddable":true,"href":"https:\/\/corrientesdetarde.com\/index.php\/wp-json\/wp\/v2\/media\/24471"}],"wp:attachment":[{"href":"https:\/\/corrientesdetarde.com\/index.php\/wp-json\/wp\/v2\/media?parent=24469"}],"wp:term":[{"taxonomy":"category","embeddable":true,"href":"https:\/\/corrientesdetarde.com\/index.php\/wp-json\/wp\/v2\/categories?post=24469"},{"taxonomy":"post_tag","embeddable":true,"href":"https:\/\/corrientesdetarde.com\/index.php\/wp-json\/wp\/v2\/tags?post=24469"}],"curies":[{"name":"wp","href":"https:\/\/api.w.org\/{rel}","templated":true}]}}