{"id":24498,"date":"2022-12-02T07:57:37","date_gmt":"2022-12-02T10:57:37","guid":{"rendered":"https:\/\/corrientesdetarde.com\/?p=24498"},"modified":"2022-12-02T07:57:40","modified_gmt":"2022-12-02T10:57:40","slug":"biden-dice-estar-preparado-para-hablar-con-putin-para-terminar-la-guerra-en-ucrania","status":"publish","type":"post","link":"https:\/\/corrientesdetarde.com\/index.php\/internacionales\/biden-dice-estar-preparado-para-hablar-con-putin-para-terminar-la-guerra-en-ucrania\/","title":{"rendered":"Biden dice estar &#8220;preparado para hablar&#8221; con Putin para terminar la guerra en Ucrania"},"content":{"rendered":"\n<p><a href=\"javascript:void(0);\"><\/a><\/p>\n\n\n\n<p>El mandatario estadounidense, acompa\u00f1ado por Emmanuel Macron, asegur\u00f3 que est\u00e1 dispuesto a hacerlo siempre que su par ruso &#8220;demuestre un inter\u00e9s en buscar una forma de terminar la guerra, algo que todav\u00eda no ha hecho&#8221;.<\/p>\n\n\n\n<p>El presidente de Estados Unidos, Joe Biden, dijo este jueves que &#8220;est\u00e1 preparado para hablar&#8221; con Vladimir Putin por primera vez desde la invasi\u00f3n de Ucrania, siempre que su hom\u00f3logo ruso &#8220;demuestre un inter\u00e9s en terminar la guerra&#8221;.<\/p>\n\n\n\n<p><strong>&#8220;Estoy preparado para hablar con Putin si demuestra un inter\u00e9s en buscar una forma de terminar la guerra, algo que todav\u00eda no ha hecho&#8221;<\/strong>, dijo Biden en una conferencia de prensa conjunta con su par franc\u00e9s, Emmanuel Macron, tras una reuni\u00f3n entre ambos en Washington.<\/p>\n\n\n\n<p>Antes de la cumbre del G20 que se realiz\u00f3 el mes pasado en Indonesia, la Casa Blanca hab\u00eda anticipado que &#8220;no hab\u00eda intenciones&#8221; de organizar una reuni\u00f3n entre Biden y Putin, quien igualmente decidi\u00f3 a \u00faltimo momento no viajar a Bali.<\/p>\n\n\n\n<h2 class=\"wp-block-heading\">La voz de Macr\u00f3n<\/h2>\n\n\n\n<p>Por el contrario, Macron mantuvo varios di\u00e1logos con el l\u00edder del Kremlin en estos meses, lo que le vali\u00f3 cr\u00edticas por parte de Ucrania y otros pa\u00edses europeos, y hoy adelant\u00f3 que volver\u00e1 a tener una conversaci\u00f3n &#8220;en los pr\u00f3ximos d\u00edas&#8221; con esperanza de avanzar en las negociaciones para poner fin a la guerra en Ucrania &#8220;a\u00fan sean posibles&#8221;.<\/p>\n\n\n\n<p>&#8220;Mi convicci\u00f3n y enfoque pragm\u00e1tico es decir: tengo que contactarme con los actuales l\u00edderes y con quien est\u00e1 a cargo del pa\u00eds&#8221;, defendi\u00f3.<\/p>\n\n\n\n<p>Por otro lado, el mandatario galo asegur\u00f3 que &#8220;nunca presionar\u00e1 a los ucranianos para que acepten un compromiso que sea inaceptable para ellos&#8221;, porque no permitir\u00eda construir &#8220;una paz duradera&#8221;, y advirti\u00f3 que &#8220;abandonar&#8221; a Kiev pondr\u00eda en peligro &#8220;la estabilidad global&#8221;.<\/p>\n\n\n\n<p>Macron asegur\u00f3 que Estados Unidos y Francia quieren &#8220;triunfar juntos, no uno contra el otro&#8221;, en medio de discrepancias sobre el plan de recuperaci\u00f3n industrial de Washington, calificado de &#8220;agresivo&#8221; por Par\u00eds.<\/p>\n\n\n\n<p>&#8220;Estados Unidos no podr\u00eda pedir un mejor socio con el que trabajar que Francia&#8221;, dijo en sinton\u00eda Biden, en una breve declaraci\u00f3n previa a la reuni\u00f3n con su hom\u00f3logo, y subray\u00f3 que la alianza con Francia sigue siendo &#8220;esencial&#8221;.<\/p>\n\n\n\n<p>&#8220;Nuestro destino com\u00fan es responder juntos&#8221; a los desaf\u00edos del mundo, dado que &#8220;nuestras dos naciones son hermanas en la defensa de la libertad&#8221;, coincidi\u00f3 el presidente franc\u00e9s, que lleg\u00f3 en la noche del martes a Washington para una visita de Estado de tres d\u00edas.<\/p>\n\n\n\n<p>Al igual que Biden, Macron se\u00f1al\u00f3 que los dos pa\u00edses combatieron juntos en muchas guerras y destac\u00f3 la alianza occidental que ayuda a Ucrania a luchar contra la invasi\u00f3n rusa, ante la cual dijo que hay que &#8220;volver a ser hermanos de armas&#8221;.<\/p>\n\n\n\n<p>Macron y su esposa Brigitte fueron recibidos con salvas de ca\u00f1onazos, himnos nacionales y una fanfarria en la Casa Blanca, en la primera visita de Estado de un presidente extranjero desde que asumi\u00f3 Biden, en enero de 2021, debido a la pandemia.<\/p>\n\n\n\n<p>Ambos mandatarios y sus esposas mantuvieron anoche una cena \u00edntima antes de los actos de hoy.<\/p>\n\n\n\n<p>Estados Unidos espera que esta visita permita pasar p\u00e1gina a la grave crisis diplom\u00e1tica del a\u00f1o pasado.<\/p>\n\n\n\n<figure class=\"wp-block-image\"><a href=\"javascript:void(0);\"><img decoding=\"async\" src=\"https:\/\/www.telam.com.ar\/thumbs\/bluesteel\/advf\/imagenes\/2022\/12\/638934f124aa0_1200.jpg\" alt=\"Foto AFP\"\/><\/a><figcaption>Foto: AFP<\/figcaption><\/figure>\n\n\n\n<h2 class=\"wp-block-heading\">La pol\u00e9mica alianza&nbsp;AUKUS<\/h2>\n\n\n\n<p>En septiembre de 2021, Estados Unidos anunci\u00f3 una nueva alianza, AUKUS, con Australia y Reino Unido, lo que enfureci\u00f3 a Francia, mantenida al margen en una regi\u00f3n clave del mundo y que de paso perd\u00eda un enorme contrato para vender submarinos a Canberra.<\/p>\n\n\n\n<p>Biden no retrocedi\u00f3 sobre el fondo de la decisi\u00f3n, pero reconoci\u00f3 una &#8220;torpeza&#8221;.<\/p>\n\n\n\n<p>Desde entonces, hizo todo lo posible para apaciguar a Macron, un proceso que, seg\u00fan los analistas, culmina con esta solemne bienvenida a Washington.<\/p>\n\n\n\n<p>En el primer d\u00eda de su visita, el presidente franc\u00e9s lament\u00f3 ayer las medidas econ\u00f3micas &#8220;s\u00faper agresivas&#8221; adoptadas por Biden para impulsar la industria estadounidense.<\/p>\n\n\n\n<p>Los subsidios masivos incluidos por Biden en la llamada &#8220;Ley de Reducci\u00f3n de la Inflaci\u00f3n&#8221; (IRA) son &#8220;s\u00faper agresivos para nuestras empresas&#8221;, reclam\u00f3 el presidente franc\u00e9s durante una reuni\u00f3n con congresistas estadounidenses, recogi\u00f3 la agencia de noticias AFP.<\/p>\n\n\n\n<p>&#8220;P\u00f3nganse en mi lugar&#8221;, les dijo durante un almuerzo que deb\u00eda centrarse en el cambio clim\u00e1tico.<\/p>\n\n\n\n<p>Estados Unidos y la Uni\u00f3n Europea &#8220;no est\u00e1n en pie de igualdad&#8221; por las subvenciones estadounidenses previstas en el gran plan clim\u00e1tico del presidente dem\u00f3crata, que favorecen los productos &#8220;fabricados en Estados Unidos&#8221;, volvi\u00f3 a lamentar hoy, entrevistado por la cadena de televisi\u00f3n ABC.<\/p>\n\n\n\n<p>Macron juzg\u00f3 ayer que el riesgo es que &#8220;Estados Unidos mire primero a Estados Unidos, y que Europa y Francia se conviertan en una especie de variable de ajuste&#8221;.<\/p>\n\n\n\n<p>Estas opciones &#8220;fragmentar\u00e1n a Occidente&#8221;, recalc\u00f3 m\u00e1s tarde ante la comunidad francesa. &#8220;Solo pueden funcionar si hay coordinaci\u00f3n entre nosotros, si decidimos juntos, si nos volvemos a sincronizar&#8221;, agreg\u00f3.<\/p>\n","protected":false},"excerpt":{"rendered":"<p>El mandatario estadounidense, acompa\u00f1ado por Emmanuel Macron, asegur\u00f3 que est\u00e1 dispuesto a hacerlo siempre que su par ruso &#8220;demuestre un inter\u00e9s en buscar una forma de terminar la guerra, algo&hellip; <\/p>\n","protected":false},"author":1,"featured_media":24499,"comment_status":"closed","ping_status":"open","sticky":false,"template":"","format":"standard","meta":{"footnotes":""},"categories":[11],"tags":[],"class_list":["post-24498","post","type-post","status-publish","format-standard","has-post-thumbnail","hentry","category-internacionales"],"_links":{"self":[{"href":"https:\/\/corrientesdetarde.com\/index.php\/wp-json\/wp\/v2\/posts\/24498","targetHints":{"allow":["GET"]}}],"collection":[{"href":"https:\/\/corrientesdetarde.com\/index.php\/wp-json\/wp\/v2\/posts"}],"about":[{"href":"https:\/\/corrientesdetarde.com\/index.php\/wp-json\/wp\/v2\/types\/post"}],"author":[{"embeddable":true,"href":"https:\/\/corrientesdetarde.com\/index.php\/wp-json\/wp\/v2\/users\/1"}],"replies":[{"embeddable":true,"href":"https:\/\/corrientesdetarde.com\/index.php\/wp-json\/wp\/v2\/comments?post=24498"}],"version-history":[{"count":1,"href":"https:\/\/corrientesdetarde.com\/index.php\/wp-json\/wp\/v2\/posts\/24498\/revisions"}],"predecessor-version":[{"id":24500,"href":"https:\/\/corrientesdetarde.com\/index.php\/wp-json\/wp\/v2\/posts\/24498\/revisions\/24500"}],"wp:featuredmedia":[{"embeddable":true,"href":"https:\/\/corrientesdetarde.com\/index.php\/wp-json\/wp\/v2\/media\/24499"}],"wp:attachment":[{"href":"https:\/\/corrientesdetarde.com\/index.php\/wp-json\/wp\/v2\/media?parent=24498"}],"wp:term":[{"taxonomy":"category","embeddable":true,"href":"https:\/\/corrientesdetarde.com\/index.php\/wp-json\/wp\/v2\/categories?post=24498"},{"taxonomy":"post_tag","embeddable":true,"href":"https:\/\/corrientesdetarde.com\/index.php\/wp-json\/wp\/v2\/tags?post=24498"}],"curies":[{"name":"wp","href":"https:\/\/api.w.org\/{rel}","templated":true}]}}