{"id":24522,"date":"2022-12-02T09:13:46","date_gmt":"2022-12-02T12:13:46","guid":{"rendered":"https:\/\/corrientesdetarde.com\/?p=24522"},"modified":"2022-12-02T09:14:16","modified_gmt":"2022-12-02T12:14:16","slug":"corrientes-venezolana-victima-de-violencia-pide-ayuda-para-volver-a-su-pais","status":"publish","type":"post","link":"https:\/\/corrientesdetarde.com\/index.php\/sociales\/corrientes-venezolana-victima-de-violencia-pide-ayuda-para-volver-a-su-pais\/","title":{"rendered":"Corrientes: venezolana v\u00edctima de violencia pide ayuda para volver a su pa\u00eds"},"content":{"rendered":"\n<p>Alejandra Gonz\u00e1lez vive en Corrientes hace 6 a\u00f1os. Tiene dos hijas y necesita volver a Venezuela , su pa\u00eds natal, y pide ayuda de la comunidad para lograrlo.<\/p>\n\n\n\n<p>Alejandra Gonz\u00e1lez es una joven de 28 a\u00f1os nacida en Venezuela que lleg\u00f3 a Corrientes, Argentina, hace 6 a\u00f1os con su pareja y una hija. Hoy est\u00e1 separada hace ya un a\u00f1o y medio, con dos nenas, sin trabajo, y necesita volver a su pa\u00eds por la situaci\u00f3n que le toca vivir.<\/p>\n\n\n\n<p>Alejandra cont\u00f3 en LT7 que sufri\u00f3 violencia por parte de su pareja, aunque se hace cargo econ\u00f3micamente de las dos hijas que tienen en com\u00fan.<\/p>\n\n\n\n<figure class=\"wp-block-embed is-type-rich is-provider-gestor-del-servicio wp-block-embed-gestor-del-servicio wp-embed-aspect-16-9 wp-has-aspect-ratio\"><div class=\"wp-block-embed__wrapper\">\n<iframe loading=\"lazy\" title=\"Corrientes: Es de Venezuela y por la situaci\u00f3n necesita ayuda para volver a su pa\u00eds\" width=\"1110\" height=\"624\" src=\"https:\/\/www.youtube.com\/embed\/BiZMDDBSfM0?feature=oembed\" frameborder=\"0\" allow=\"accelerometer; autoplay; clipboard-write; encrypted-media; gyroscope; picture-in-picture\" allowfullscreen><\/iframe>\n<\/div><\/figure>\n\n\n\n<p>Si bien asegur\u00f3 que la gente de nuestro pa\u00eds es muy gentil, admiti\u00f3 que hasta el momento no pudo conseguir trabajo porque &#8220;es muy dif\u00edcil para un extranjero&#8221;.<\/p>\n\n\n\n<p>Quienes deseen colaborar con Alejandra pueden comunicarse al 379 5040215.<\/p>\n\n\n\n<p>Fuente: LT7.<\/p>\n","protected":false},"excerpt":{"rendered":"<p>Alejandra Gonz\u00e1lez vive en Corrientes hace 6 a\u00f1os. Tiene dos hijas y necesita volver a Venezuela , su pa\u00eds natal, y pide ayuda de la comunidad para lograrlo. Alejandra Gonz\u00e1lez&hellip; <\/p>\n","protected":false},"author":4,"featured_media":24525,"comment_status":"closed","ping_status":"open","sticky":false,"template":"","format":"standard","meta":{"footnotes":""},"categories":[17],"tags":[],"class_list":["post-24522","post","type-post","status-publish","format-standard","has-post-thumbnail","hentry","category-sociales"],"_links":{"self":[{"href":"https:\/\/corrientesdetarde.com\/index.php\/wp-json\/wp\/v2\/posts\/24522","targetHints":{"allow":["GET"]}}],"collection":[{"href":"https:\/\/corrientesdetarde.com\/index.php\/wp-json\/wp\/v2\/posts"}],"about":[{"href":"https:\/\/corrientesdetarde.com\/index.php\/wp-json\/wp\/v2\/types\/post"}],"author":[{"embeddable":true,"href":"https:\/\/corrientesdetarde.com\/index.php\/wp-json\/wp\/v2\/users\/4"}],"replies":[{"embeddable":true,"href":"https:\/\/corrientesdetarde.com\/index.php\/wp-json\/wp\/v2\/comments?post=24522"}],"version-history":[{"count":1,"href":"https:\/\/corrientesdetarde.com\/index.php\/wp-json\/wp\/v2\/posts\/24522\/revisions"}],"predecessor-version":[{"id":24526,"href":"https:\/\/corrientesdetarde.com\/index.php\/wp-json\/wp\/v2\/posts\/24522\/revisions\/24526"}],"wp:featuredmedia":[{"embeddable":true,"href":"https:\/\/corrientesdetarde.com\/index.php\/wp-json\/wp\/v2\/media\/24525"}],"wp:attachment":[{"href":"https:\/\/corrientesdetarde.com\/index.php\/wp-json\/wp\/v2\/media?parent=24522"}],"wp:term":[{"taxonomy":"category","embeddable":true,"href":"https:\/\/corrientesdetarde.com\/index.php\/wp-json\/wp\/v2\/categories?post=24522"},{"taxonomy":"post_tag","embeddable":true,"href":"https:\/\/corrientesdetarde.com\/index.php\/wp-json\/wp\/v2\/tags?post=24522"}],"curies":[{"name":"wp","href":"https:\/\/api.w.org\/{rel}","templated":true}]}}